{"id":637318,"date":"2026-01-03T01:04:12","date_gmt":"2026-01-03T01:04:12","guid":{"rendered":"https:\/\/www.europesays.com\/fr\/637318\/"},"modified":"2026-01-03T01:04:12","modified_gmt":"2026-01-03T01:04:12","slug":"cette-chaine-musicale-iconique-a-ferme-avec-une-chanson-tres-symbolique-pour-cela","status":"publish","type":"post","link":"https:\/\/www.europesays.com\/fr\/637318\/","title":{"rendered":"Cette cha\u00eene musicale iconique a ferm\u00e9, avec une chanson tr\u00e8s symbolique pour cela"},"content":{"rendered":"<p>        <img decoding=\"async\" loading=\"lazy\" src=\"https:\/\/www.europesays.com\/fr\/wp-content\/uploads\/2026\/01\/0899742_upload-1-lukjac5ihr7f-afp-20251231-raa-mtvmusic251231-npqj2-v1-midres-mtvmusicchannelsshutdo.jpeg\"  width=\"728\" height=\"410\" alt=\"Le logo MTV s\u2019affiche sur un t\u00e9l\u00e9phone portable avec la marque de l\u2019entreprise visible en arri\u00e8re-plan.\"\/>  <\/p>\n<p>JONATHAN RAA \/ NurPhoto via AFP<\/p>\n<p>Le logo MTV s\u2019affiche sur un t\u00e9l\u00e9phone portable avec la marque de l\u2019entreprise visible en arri\u00e8re-plan.<\/p>\n<p class=\"asset asset-text\">Le 31\u202fd\u00e9cembre 2025 a marqu\u00e9 la fin d\u2019une \u00e8re pour MTV. La cha\u00eene de<a href=\"https:\/\/www.huffingtonpost.fr\/international\/article\/decision-politique-un-reportage-de-cbs-sur-donald-trump-censure-a-la-derniere-minute_258500.html\" target=\"_blank\" rel=\"noopener\"> t\u00e9l\u00e9vision am\u00e9ricaine<\/a>, longtemps embl\u00e9matique pour la diffusion de clips musicaux, a ferm\u00e9 ses derni\u00e8res antennes enti\u00e8rement d\u00e9di\u00e9es \u00e0 la musique. MTV Music, MTV 80s, MTV 90s, Club MTV et MTV Live ont \u00e9t\u00e9 mises \u00e0 la retraite.<\/p>\n<p class=\"asset asset-text\">La cha\u00eene principale MTV va poursuivre ses programmes, d\u00e9sormais presque exclusivement centr\u00e9s sur la t\u00e9l\u00e9-r\u00e9alit\u00e9. Mais elle a rendu un dernier hommage \u00e0 son pass\u00e9 musical au moment de fermer ses autres cha\u00eenes, souligne <a href=\"https:\/\/www.nme.com\/news\/music\/mtv-shuts-down-final-music-only-channels-with-video-killed-the-radio-star-3920577\" target=\"_blank\" rel=\"noopener\" title=\"Nouvelle fen\u00eatre\">le m\u00e9dia NME.<\/a><\/p>\n<p class=\"asset asset-text\">Pour cette derni\u00e8re diffusion, la cha\u00eene a choisi \u00ab\u00a0Video Killed The Radio Star\u00a0\u00bb des Buggles, symbole fort puisqu\u2019il s\u2019agissait du tout premier clip diffus\u00e9 par MTV <a href=\"https:\/\/www.huffingtonpost.fr\/international\/video\/zohran-mamdani-investi-a-new-york-par-bernie-sanders-premiere-image-forte-des-etats-unis-en-2026_258795.html\" target=\"_blank\" rel=\"noopener\">aux \u00c9tats-Unis<\/a> le 1er ao\u00fbt 1981. Ce choix n\u2019est pas anodin\u00a0: il rappelle que MTV a fond\u00e9 son identit\u00e9 sur la r\u00e9volution visuelle de la musique et rappelle, avec une pointe de nostalgie, le r\u00f4le central de la cha\u00eene dans la transformation de la culture musicale mondiale.<\/p>\n<p> La lecture de ce contenu est susceptible d\u2019entra\u00eener un d\u00e9p\u00f4t de cookies de la part de l\u2019op\u00e9rateur tiers qui l\u2019h\u00e9berge. Compte-tenu des choix que vous avez exprim\u00e9s en mati\u00e8re de d\u00e9p\u00f4t de cookies, nous avons bloqu\u00e9 l\u2019affichage de ce contenu. Si vous souhaitez y acc\u00e9der, vous devez accepter la cat\u00e9gorie de cookies \u201cContenus tiers\u201d en cliquant sur le bouton ci-dessous. <\/p>\n<p> Lire la Vid\u00e9o              <\/p>\n<p class=\"asset asset-text\">Mais les temps ont chang\u00e9. Les clips, autrefois r\u00e9serv\u00e9s \u00e0 la t\u00e9l\u00e9vision, sont d\u00e9sormais largement consomm\u00e9s en ligne, sur YouTube et les<a href=\"https:\/\/www.huffingtonpost.fr\/politique\/article\/interdire-les-reseaux-sociaux-aux-moins-de-15-ans-des-la-rentree-2026-voici-comment-le-gouvernement-veut-s-y-prendre_258745.html\" target=\"_blank\" rel=\"noopener\"> r\u00e9seaux sociaux,<\/a> rendant les cha\u00eenes musicales 24h\/24 moins pertinentes \u00e9conomiquement.<\/p>\n<p class=\"asset asset-text\">La fermeture de ces antennes s\u2019inscrit dans un mouvement plus large de rationalisation chez MTV et sa maison m\u00e8re, Paramount Skydance, qui a \u00e9galement supprim\u00e9 les m\u00eames cha\u00eenes en Irlande, Allemagne, Autriche, Pologne, France, Hongrie, Australie et Br\u00e9sil.<\/p>\n<p class=\"asset asset-text\">Depuis son lancement, MTV \u00e9tait devenue un pilier de la culture populaire, marquant l\u2019histoire de la musique et de la t\u00e9l\u00e9vision\u00a0avec la premi\u00e8re diffusion du <a href=\"https:\/\/www.huffingtonpost.fr\/culture\/article\/michael-le-biopic-sur-michael-jackson-devoile-sa-bande-annonce-et-la-ressemblance-est-frappante_256883.html\" target=\"_blank\" rel=\"noopener\">clip \u00ab\u00a0<\/a><a href=\"https:\/\/www.huffingtonpost.fr\/culture\/article\/michael-le-biopic-sur-michael-jackson-devoile-sa-bande-annonce-et-la-ressemblance-est-frappante_256883.html\" target=\"_blank\" rel=\"noopener\">Thriller\u00a0\u00bb de Michael Jackson<\/a>, la couverture des concerts Live Aid en 1985, ou encore la mise en avant de nouvelles stars qui ont fa\u00e7onn\u00e9 plusieurs g\u00e9n\u00e9rations.<\/p>\n","protected":false},"excerpt":{"rendered":"JONATHAN RAA \/ NurPhoto via AFP Le logo MTV s\u2019affiche sur un t\u00e9l\u00e9phone portable avec la marque de&hellip;\n","protected":false},"author":2,"featured_media":637319,"comment_status":"","ping_status":"","sticky":false,"template":"","format":"standard","meta":{"footnotes":""},"categories":[1356],"tags":[251,58,59,1011,27,252,1364],"class_list":{"0":"post-637318","1":"post","2":"type-post","3":"status-publish","4":"format-standard","5":"has-post-thumbnail","7":"category-television","8":"tag-culture","9":"tag-divertissement","10":"tag-entertainment","11":"tag-fr","12":"tag-france","13":"tag-television","14":"tag-tv"},"share_on_mastodon":{"url":"https:\/\/pubeurope.com\/@fr\/115828481390787662","error":""},"_links":{"self":[{"href":"https:\/\/www.europesays.com\/fr\/wp-json\/wp\/v2\/posts\/637318","targetHints":{"allow":["GET"]}}],"collection":[{"href":"https:\/\/www.europesays.com\/fr\/wp-json\/wp\/v2\/posts"}],"about":[{"href":"https:\/\/www.europesays.com\/fr\/wp-json\/wp\/v2\/types\/post"}],"author":[{"embeddable":true,"href":"https:\/\/www.europesays.com\/fr\/wp-json\/wp\/v2\/users\/2"}],"replies":[{"embeddable":true,"href":"https:\/\/www.europesays.com\/fr\/wp-json\/wp\/v2\/comments?post=637318"}],"version-history":[{"count":0,"href":"https:\/\/www.europesays.com\/fr\/wp-json\/wp\/v2\/posts\/637318\/revisions"}],"wp:featuredmedia":[{"embeddable":true,"href":"https:\/\/www.europesays.com\/fr\/wp-json\/wp\/v2\/media\/637319"}],"wp:attachment":[{"href":"https:\/\/www.europesays.com\/fr\/wp-json\/wp\/v2\/media?parent=637318"}],"wp:term":[{"taxonomy":"category","embeddable":true,"href":"https:\/\/www.europesays.com\/fr\/wp-json\/wp\/v2\/categories?post=637318"},{"taxonomy":"post_tag","embeddable":true,"href":"https:\/\/www.europesays.com\/fr\/wp-json\/wp\/v2\/tags?post=637318"}],"curies":[{"name":"wp","href":"https:\/\/api.w.org\/{rel}","templated":true}]}}