{"id":637322,"date":"2026-01-03T01:06:38","date_gmt":"2026-01-03T01:06:38","guid":{"rendered":"https:\/\/www.europesays.com\/fr\/637322\/"},"modified":"2026-01-03T01:06:38","modified_gmt":"2026-01-03T01:06:38","slug":"la-chose-la-plus-stupide-a-faire-james-cameron-critique-severement-une-sequence-dalien-3","status":"publish","type":"post","link":"https:\/\/www.europesays.com\/fr\/637322\/","title":{"rendered":"\u00ab\u00a0La chose la plus stupide \u00e0 faire\u00a0\u00bb : James Cameron critique s\u00e9v\u00e8rement une s\u00e9quence d&rsquo;Alien 3"},"content":{"rendered":"<p>Apr\u00e8s avoir r\u00e9alis\u00e9 le deuxi\u00e8me volet de la saga Alien, James Cameron a dit ce qu\u2019il pensait de la suite faite par David Fincher. Le r\u00e9alisateur a \u00e9t\u00e9 tr\u00e8s critique et il n&rsquo;a pas m\u00e2ch\u00e9 ses mots.<\/p>\n<p>La filmographie de James Cameron n&rsquo;est clairement plus \u00e0 faire. Parmi les films les plus cultes r\u00e9alis\u00e9s par le cin\u00e9aste, il y a \u00e9videmment Titanic et, d&rsquo;ailleurs,<a href=\"https:\/\/www.programme-tv.net\/news\/cinema\/319482-titanic-le-realisateur-james-cameron-revele-enfin-si-rose-agee-est-morte-ou-vivante-a-la-fin-du-film\/\" data-api-deeplink=\"teleloisirs:\/\/news\/319482\" target=\"_blank\" rel=\"noopener\"> il a r\u00e9v\u00e9l\u00e9 si Rose (\u00e2g\u00e9e) \u00e9tait morte ou pas \u00e0 la fin du film.<\/a> En ce moment, James Cameron fait parler de lui pour <a href=\"https:\/\/www.programme-tv.net\/news\/cinema\/393973-avatar-de-feu-et-de-cendres-combien-de-temps-dure-le-film\/\" data-api-deeplink=\"teleloisirs:\/\/news\/393973\" target=\"_blank\" rel=\"noopener\">la saga Avatar, puisque le troisi\u00e8me volet est r\u00e9cemment sorti au cin\u00e9ma.<\/a> Il a justement donn\u00e9 <a href=\"https:\/\/www.programme-tv.net\/news\/cinema\/394609-avatar-4-james-cameron-en-dit-plus-sur-la-suite-de-la-saga\/\" data-api-deeplink=\"teleloisirs:\/\/news\/394609\" target=\"_blank\" rel=\"noopener\">quelques informations pr\u00e9cieuses sur la suite de la franchise avec le quatri\u00e8me film \u00e0 venir.<\/a> Autre film notable r\u00e9alis\u00e9 par James Cameron : Alien 2, qui a donc pris la suite du film de <a href=\"https:\/\/www.programme-tv.net\/biographie\/9450-scott-ridley\/\" data-link-people=\"90a494c8-73a9-4ba6-9416-980a7579d727\" target=\"_blank\" rel=\"noopener\">Ridley Scott<\/a>, sorti en 1979.<\/p>\n<p>Le troisi\u00e8me volet de la franchise Alien, lui, a \u00e9t\u00e9 r\u00e9alis\u00e9 par David Fincher et James Cameron a quelques reproches \u00e0 lui faire. Au micro du podcast Just Foolin About, le cin\u00e9aste est revenu sur la mort de deux personnages qu&rsquo;il avait introduits dans Alien 2. \u00ab\u00a0J&rsquo;ai pens\u00e9 que c&rsquo;\u00e9tait la chose la plus stupide \u00e0 faire. Vous passez du temps \u00e0 d\u00e9velopper des sentiments pour les personnages de Newt et Hicks, et Bishop, et la premi\u00e8re chose que vous fa\u00eetes dans la suite est de tous les tuer ? Super les gars ! Pour ensuite les remplacer par des d\u00e9tenus que tout le monde d\u00e9teste et souhaite voir mourir. Tr\u00e8s malin !\u00a0\u00bb, a balanc\u00e9 cash James Cameron.<\/p>\n<p>                        \u00ab\u00a0Ils ont commenc\u00e9 \u00e0 me proposer de l&rsquo;argent\u00a0\u00bb, balance Michael Biehn sur les coulisses d&rsquo;Alien 3<\/p>\n<p>Malgr\u00e9 tout, il n&rsquo;en a pas voulu \u00e0 David Fincher dont il est le plus grand fan. \u00ab\u00a0<b>Il s&rsquo;agissait de son premier film en tant que r\u00e9alisateur et il se faisait polluer par de nombreuses voix contradictoires<\/b>, et tout le reste, donc je ne lui en tiens pas rigueur\u00a0\u00bb, a-t-il ajout\u00e9. James Cameron n&rsquo;est pas le seul \u00e0 avoir \u00e9t\u00e9 d\u00e9\u00e7u, puisque Michael Biehn, qui incarnait le personnage de Hicks, l&rsquo;a aussi \u00e9t\u00e9 en d\u00e9couvrant la suppression de son personnage.<\/p>\n<p>Le com\u00e9dien a expliqu\u00e9 que le studio l&rsquo;avait alors contact\u00e9 afin d&rsquo;utiliser son apparence pour montrer le cadavre de Hicks \u00e0 l&rsquo;image. \u00ab\u00a0<b>On les a appel\u00e9s pour leur dire qu&rsquo;il ne pouvait pas faire \u00e7a.<\/b> Et ils ont commenc\u00e9 \u00e0 me proposer de l&rsquo;argent. Vous mettez tellement d&rsquo;efforts dans un personnage. Et le fait qu&rsquo;ils puissent s&rsquo;en d\u00e9barrasser ainsi \u00e9tait insupportable. Nous avons fini par n\u00e9gocier, et quand David Fincher m&rsquo;a appel\u00e9, je l&rsquo;ai envoy\u00e9 pa\u00eetre\u00a0\u00bb, s&rsquo;est-il souvenu.<\/p>\n<\/p>\n<p>Article \u00e9crit avec la collaboration de 6m\u00e9dias.<\/p>\n","protected":false},"excerpt":{"rendered":"Apr\u00e8s avoir r\u00e9alis\u00e9 le deuxi\u00e8me volet de la saga Alien, James Cameron a dit ce qu\u2019il pensait de&hellip;\n","protected":false},"author":2,"featured_media":637323,"comment_status":"","ping_status":"","sticky":false,"template":"","format":"standard","meta":{"footnotes":""},"categories":[1354],"tags":[74445,74446,1409,244,4689,58,59,1346,1011,27,28114,1360,36266],"class_list":{"0":"post-637322","1":"post","2":"type-post","3":"status-publish","4":"format-standard","5":"has-post-thumbnail","7":"category-films","8":"tag-alien-terreur-sur-grand-u00e9cran-2282025-1030-pm-arte","9":"tag-alien-3","10":"tag-bande-annonce","11":"tag-commentaire","12":"tag-david-fincher","13":"tag-divertissement","14":"tag-entertainment","15":"tag-films","16":"tag-fr","17":"tag-france","18":"tag-james-cameron","19":"tag-movies","20":"tag-sorties-cinu00e9ma"},"share_on_mastodon":{"url":"https:\/\/pubeurope.com\/@fr\/115828489128851721","error":""},"_links":{"self":[{"href":"https:\/\/www.europesays.com\/fr\/wp-json\/wp\/v2\/posts\/637322","targetHints":{"allow":["GET"]}}],"collection":[{"href":"https:\/\/www.europesays.com\/fr\/wp-json\/wp\/v2\/posts"}],"about":[{"href":"https:\/\/www.europesays.com\/fr\/wp-json\/wp\/v2\/types\/post"}],"author":[{"embeddable":true,"href":"https:\/\/www.europesays.com\/fr\/wp-json\/wp\/v2\/users\/2"}],"replies":[{"embeddable":true,"href":"https:\/\/www.europesays.com\/fr\/wp-json\/wp\/v2\/comments?post=637322"}],"version-history":[{"count":0,"href":"https:\/\/www.europesays.com\/fr\/wp-json\/wp\/v2\/posts\/637322\/revisions"}],"wp:featuredmedia":[{"embeddable":true,"href":"https:\/\/www.europesays.com\/fr\/wp-json\/wp\/v2\/media\/637323"}],"wp:attachment":[{"href":"https:\/\/www.europesays.com\/fr\/wp-json\/wp\/v2\/media?parent=637322"}],"wp:term":[{"taxonomy":"category","embeddable":true,"href":"https:\/\/www.europesays.com\/fr\/wp-json\/wp\/v2\/categories?post=637322"},{"taxonomy":"post_tag","embeddable":true,"href":"https:\/\/www.europesays.com\/fr\/wp-json\/wp\/v2\/tags?post=637322"}],"curies":[{"name":"wp","href":"https:\/\/api.w.org\/{rel}","templated":true}]}}