{"id":637324,"date":"2026-01-03T01:08:12","date_gmt":"2026-01-03T01:08:12","guid":{"rendered":"https:\/\/www.europesays.com\/fr\/637324\/"},"modified":"2026-01-03T01:08:12","modified_gmt":"2026-01-03T01:08:12","slug":"les-favoris-du-dakar-2026-20-minutes","status":"publish","type":"post","link":"https:\/\/www.europesays.com\/fr\/637324\/","title":{"rendered":"Les favoris du Dakar 2026 &#8211; 20 Minutes"},"content":{"rendered":"<ol>\n<li><a href=\"https:\/\/news.google.com\/rss\/articles\/CBMif0FVX3lxTFBsUm8xWlMwaGNjZzBVbVJ0ZjJPTDJTM09ORUNWN0NiOWdyeWtlUTlQRTNxYnpzTmtjQllBVTdKOXMyZ2thLWtaVXllWXBGbktsaUNPeGo1MzNqLWFPNUpMcjlWYzVDdmk4SFptR1VRQ2kwNjVwOUg0UkNfd25UeTg?oc=5\" target=\"_blank\" rel=\"noopener\">Les favoris du Dakar 2026<\/a>&nbsp;&nbsp;20 Minutes<\/li>\n<li><a href=\"https:\/\/news.google.com\/rss\/articles\/CBMikgFBVV95cUxPRFJ3dzRhNzh1X3M1OExNcVJrUlFEOXM2VDVJUUw5UW4wME4xamdmUk1UU0RRbWZOTjd0NlN6cmJ1Nkk3ZS14bUpEaVRHeEFEWVpoVlFHeklWRWhhbTVHbnYzeDA4LUFtSkxubU1wM3ZwM255ako5UFJfbGdPTXhBR21JZGlpRmNYS1hyWTVKZ2JoQQ?oc=5\" target=\"_blank\" rel=\"noopener\">Dakar 2026 : le parcours du prologue<\/a>&nbsp;&nbsp;L&rsquo;\u00c9quipe<\/li>\n<li><a href=\"https:\/\/news.google.com\/rss\/articles\/CBMigwJBVV95cUxNVm91Z1VXYlNtUFRNYmdXb3JEV05oNkZkTGFRY0dKeVBJU2lleDBaM3ZpQ3JBbXBmT2N5enZNZ0J0TVNoYkYtZ0xQSmVKdjV2bEhBZUJadGthbjZMYkx2RExkNGI4djhOQ2k1bWVhMThZSjhiT1gtbnhnMUdHQ0VyQ2xLM3czcTZQRTVJTkYwWE1SZTF4TkNYSjhtU0YwVzkzcGh5TGxvNEp0WnFVRFRwR1RKeFROSDJKdFIyUUk1Wk1RYUM0QzYzSml4U2JITjJKbnpSMmE4R3FRanVJc2EwRXFwbndkLUJSa3o5Tng0UVFkS0lCMkFhS1RrZGQ1S2ZvSldr?oc=5\" target=\"_blank\" rel=\"noopener\">\u00ab C\u2019est le dernier, je l\u2019ai promis \u00e0 ma femme \u00bb : \u00e0 bient\u00f4t 80 ans, le doyen du Dakar en tourn\u00e9e d\u2019adieu<\/a>&nbsp;&nbsp;Le Parisien<\/li>\n<li><a href=\"https:\/\/news.google.com\/rss\/articles\/CBMitwFBVV95cUxQYXZTb0tfUDRfOW9aZmd5OHVZRDJUTjV1QzRDYTcxdFpSZzJjYmQ5enJXN2NzYXFaLWh2cnBOU2ZKMDgxZmpxOHFBbEFGck9wZTR1c2djMGE1Q0FrMWNyYnlXNzZHNkhTSkdORFBCZjZPSWRpank2T0l4U3hPOEgwelZ1TzlKNGVtT2lGblZZa0hicUdSaGgwWV9QZDVDNFRwXzJCU0xlX0FTZURxbFhiaTZCVHF5cDQ?oc=5\" target=\"_blank\" rel=\"noopener\">Rallye &#8211; Dakar 2026. Les ambitions de Fran\u00e7ois Cazalet<\/a>&nbsp;&nbsp;La R\u00e9publique des Pyr\u00e9n\u00e9es<\/li>\n<li><a href=\"https:\/\/news.google.com\/rss\/articles\/CBMinAFBVV95cUxPc3RscjFEOE0xSGRpWm5xdXpra1NtQnZFYzd5Ty1hZGdrTUxOTHc5QXJZSURkemFvdjRLWGJJZ3hGZjJ0M2lPeVM5dksteVo1ZFFQWGJZUkhWVVFZQkZLTkdpZHloeUI0MzYwMC1iLVFGRXRUU1BwUlVueDdpMnRuRVdRRUJLQU9mdTEwanpBMHRmRXZNT0FOemEwX0s?oc=5\" target=\"_blank\" rel=\"noopener\">Le Dakar et sa caravane ultrapolluante reviennent dans le d\u00e9sert saoudien<\/a>&nbsp;&nbsp;Reporterre, le m\u00e9dia de l&rsquo;\u00e9cologie<\/li>\n<\/ol>\n","protected":false},"excerpt":{"rendered":"Les favoris du Dakar 2026&nbsp;&nbsp;20 Minutes Dakar 2026 : le parcours du prologue&nbsp;&nbsp;L&rsquo;\u00c9quipe \u00ab C\u2019est le dernier, je&hellip;\n","protected":false},"author":2,"featured_media":637325,"comment_status":"","ping_status":"","sticky":false,"template":"","format":"standard","meta":{"footnotes":""},"categories":[9],"tags":[1976,1011,27,1457,74447,28785,517,60],"class_list":{"0":"post-637324","1":"post","2":"type-post","3":"status-publish","4":"format-standard","5":"has-post-thumbnail","7":"category-sports","8":"tag-auto-moto","9":"tag-fr","10":"tag-france","11":"tag-moto","12":"tag-paris-dakar","13":"tag-rallye","14":"tag-sport","15":"tag-sports"},"share_on_mastodon":{"url":"https:\/\/pubeurope.com\/@fr\/115828496989707383","error":""},"_links":{"self":[{"href":"https:\/\/www.europesays.com\/fr\/wp-json\/wp\/v2\/posts\/637324","targetHints":{"allow":["GET"]}}],"collection":[{"href":"https:\/\/www.europesays.com\/fr\/wp-json\/wp\/v2\/posts"}],"about":[{"href":"https:\/\/www.europesays.com\/fr\/wp-json\/wp\/v2\/types\/post"}],"author":[{"embeddable":true,"href":"https:\/\/www.europesays.com\/fr\/wp-json\/wp\/v2\/users\/2"}],"replies":[{"embeddable":true,"href":"https:\/\/www.europesays.com\/fr\/wp-json\/wp\/v2\/comments?post=637324"}],"version-history":[{"count":0,"href":"https:\/\/www.europesays.com\/fr\/wp-json\/wp\/v2\/posts\/637324\/revisions"}],"wp:featuredmedia":[{"embeddable":true,"href":"https:\/\/www.europesays.com\/fr\/wp-json\/wp\/v2\/media\/637325"}],"wp:attachment":[{"href":"https:\/\/www.europesays.com\/fr\/wp-json\/wp\/v2\/media?parent=637324"}],"wp:term":[{"taxonomy":"category","embeddable":true,"href":"https:\/\/www.europesays.com\/fr\/wp-json\/wp\/v2\/categories?post=637324"},{"taxonomy":"post_tag","embeddable":true,"href":"https:\/\/www.europesays.com\/fr\/wp-json\/wp\/v2\/tags?post=637324"}],"curies":[{"name":"wp","href":"https:\/\/api.w.org\/{rel}","templated":true}]}}