{"id":637326,"date":"2026-01-03T01:09:12","date_gmt":"2026-01-03T01:09:12","guid":{"rendered":"https:\/\/www.europesays.com\/fr\/637326\/"},"modified":"2026-01-03T01:09:12","modified_gmt":"2026-01-03T01:09:12","slug":"quinte-du-samedi-3-janvier-2026-a-vincennes-les-pronostics","status":"publish","type":"post","link":"https:\/\/www.europesays.com\/fr\/637326\/","title":{"rendered":"Quint\u00e9 du samedi 3 janvier 2026 \u00e0 Vincennes : les pronostics"},"content":{"rendered":"<p class=\"article-p mdl\">Retrouvez les pronostics de Dominique Cordier pour le Quint\u00e9 du samedi 3 janvier 2026 \u00e0 Vincennes, le Prix de Vic-sur-S\u00e8ze.\u00a0Trot attel\u00e9.\u00a0<strong>D\u00e9part \u00e0 15h15. 16 partants. <\/strong>Course europ\u00e9enne. 2.850 m\u00e8tres. Grande piste. Trotteurs de 6 ans.<\/p>\n<p class=\"article-p mdl\">Pas simple, beaucoup de trotteurs \u00e9trangers au d\u00e9part, principalement ceux du haut du tableau, \u00e9tant inconnus au bataillon\u2026&#13;<\/p>\n<p class=\"article-p mdl\">Confiance toutefois au<strong> 15 Karma Power<\/strong>, invaincu en six sorties sur la grande piste de Vincennes et qu\u2019Eric Raffin a logiquement pr\u00e9f\u00e9r\u00e9 \u00e0 d\u2019autres concurrents.&#13;<\/p>\n<p class=\"article-p mdl\">Le septuple Sulky d\u2019Or aurait en effet pu piloter le <strong>8 Express d\u2019Arc<\/strong>, qui d\u00e9fend une belle chance \u00e9galement et que drivera Franck Nivard.&#13;<\/p>\n<p class=\"article-p mdl\">L\u2019outsider de RTL, le <strong>16 K\u00e9mia du Ch\u00eane<\/strong>, est la plus riche de ce Quint\u00e9. Poss\u00e9dant une pointe de vitesse tr\u00e8s ac\u00e9r\u00e9e, elle visera les belles places.&#13;<\/p>\n<p class=\"article-p mdl\">Le <strong>13 Just A Lady<\/strong> est une autre belle chance \u00e0 ce niveau, tout comme le <strong>12 Brothers In Arms<\/strong>, dont l\u2019aptitude \u00e0 Vincennes est plus que prouv\u00e9e.<\/p>\n<p>            Les pronostics<\/p>\n<p class=\"article-p mdl\">15. Karma Power&#13;<br \/>8. Express d\u2019Arc&#13;<br \/>13. Just A Lady&#13;<br \/>16. K\u00e9mia du Ch\u00eane&#13;<br \/>12. Brother In Arms&#13;<br \/>14. Caviar from Mine&#13;<br \/>6. Jigger<\/p>\n<p>            L&rsquo;outsider de RTL<\/p>\n<p class=\"article-p mdl\">16. K\u00e9mia du Ch\u00eane<\/p>\n<p>    R\u00e9sultats du jeudi 1er janvier 2026 \u00e0 Vincennes<\/p>\n<p class=\"article-p mdl\">Le favori de RTL est 9e, l\u2019outsider de RTL 6e.<\/p>\n<p>    La r\u00e9daction vous recommande<\/p>\n<p class=\"s-newsletter__title\">\n                L\u2019actualit\u00e9 par la r\u00e9daction de RTL dans votre bo\u00eete mail.\n            <\/p>\n<p class=\"s-newsletter__subtitle\">\n                Gr\u00e2ce \u00e0 votre compte RTL abonnez-vous \u00e0 la newsletter RTL info pour suivre toute l&rsquo;actualit\u00e9 au quotidien\n            <\/p>\n<p>\n                                    Lire la suite\n                                <\/p>\n","protected":false},"excerpt":{"rendered":"Retrouvez les pronostics de Dominique Cordier pour le Quint\u00e9 du samedi 3 janvier 2026 \u00e0 Vincennes, le Prix&hellip;\n","protected":false},"author":2,"featured_media":3836,"comment_status":"","ping_status":"","sticky":false,"template":"","format":"standard","meta":{"footnotes":""},"categories":[8],"tags":[2621,2622,58,59,107,2619,1011,27,2623,362],"class_list":{"0":"post-637326","1":"post","2":"type-post","3":"status-publish","4":"format-standard","5":"has-post-thumbnail","7":"category-divertissement","8":"tag-chevaux","9":"tag-courses","10":"tag-divertissement","11":"tag-entertainment","12":"tag-fil-info","13":"tag-fil-sport","14":"tag-fr","15":"tag-france","16":"tag-quinte","17":"tag-replay"},"share_on_mastodon":{"url":"https:\/\/pubeurope.com\/@fr\/115828501135472218","error":""},"_links":{"self":[{"href":"https:\/\/www.europesays.com\/fr\/wp-json\/wp\/v2\/posts\/637326","targetHints":{"allow":["GET"]}}],"collection":[{"href":"https:\/\/www.europesays.com\/fr\/wp-json\/wp\/v2\/posts"}],"about":[{"href":"https:\/\/www.europesays.com\/fr\/wp-json\/wp\/v2\/types\/post"}],"author":[{"embeddable":true,"href":"https:\/\/www.europesays.com\/fr\/wp-json\/wp\/v2\/users\/2"}],"replies":[{"embeddable":true,"href":"https:\/\/www.europesays.com\/fr\/wp-json\/wp\/v2\/comments?post=637326"}],"version-history":[{"count":0,"href":"https:\/\/www.europesays.com\/fr\/wp-json\/wp\/v2\/posts\/637326\/revisions"}],"wp:featuredmedia":[{"embeddable":true,"href":"https:\/\/www.europesays.com\/fr\/wp-json\/wp\/v2\/media\/3836"}],"wp:attachment":[{"href":"https:\/\/www.europesays.com\/fr\/wp-json\/wp\/v2\/media?parent=637326"}],"wp:term":[{"taxonomy":"category","embeddable":true,"href":"https:\/\/www.europesays.com\/fr\/wp-json\/wp\/v2\/categories?post=637326"},{"taxonomy":"post_tag","embeddable":true,"href":"https:\/\/www.europesays.com\/fr\/wp-json\/wp\/v2\/tags?post=637326"}],"curies":[{"name":"wp","href":"https:\/\/api.w.org\/{rel}","templated":true}]}}