{"id":637339,"date":"2026-01-03T01:21:11","date_gmt":"2026-01-03T01:21:11","guid":{"rendered":"https:\/\/www.europesays.com\/fr\/637339\/"},"modified":"2026-01-03T01:21:11","modified_gmt":"2026-01-03T01:21:11","slug":"passions-baroques-cantates-et-sonates-francaises-du-xviie-et-xviiie-siecles-concert-classique-a-nancy","status":"publish","type":"post","link":"https:\/\/www.europesays.com\/fr\/637339\/","title":{"rendered":"Passions baroques Cantates et sonates francaises du XVIIe et XVIIIe siecles : Concert Classique a Nancy"},"content":{"rendered":"<p>\t\t\t\t\t\t\t\t\t<a href=\"https:\/\/www.estrepublicain.fr\/pour-sortir\/loisirs\/Concert-musique\/Classique\/Lorraine\/Meurthe-et-moselle\/Nancy\/2026\/02\/02\/javascript:history.back();\" rel=\"nofollow noopener\" class=\"backToSearch\" target=\"_blank\">Retour \u00e0 la recherche<\/a><\/p>\n<p class=\"media-desc\" itemprop=\"description\">&#13;<br \/>\n\t\t\t\t\tLes enseignants du d\u00e9partement de Musique ancienne du Conservatoire proposent une immersion sonore dans ces musiques o\u00f9 les sentiments varient d\u2019une mani\u00e8re raffin\u00e9e, contrast\u00e9e, passionn\u00e9e qui r\u00e9sonnent comme un \u00e9cho aux peintures du mus\u00e9e. &#13;<br \/>\n\t\t\t\t\t\t\t\t\t\t\t&#13;<br \/>\n\t\t\t\t\t\t\t\t\t\tIssue de l\u2019Italie, la cantate est un genre musical et po\u00e9tique tr\u00e8s pris\u00e9 en France aux XVIIe et XVIIIe si\u00e8cles. \u0152uvres de Jean-Philippe Rameau, Michel Pignolet de Mont\u00e9clair, Joseph Bodin de Boismortier, Marin Marais&#8230;<br \/>\nAvec Marie-Louise Duthoit, soprano. Norbert Bohlinger, violon baroque. Aude Schuhmacher, basson baroque. Isabelle Feuillie, viole de gambe. C\u00e9line Jacob, fl\u00fbtes. Isabelle Lartillot, traverso. J\u00e9r\u00f4me Mond\u00e9sert, clavecin.<br \/>\nEn partenariat avec le Mus\u00e9e des Beaux-Arts de Nancy.<\/p>\n<p>Sur r\u00e9servation (\u00e0 partir du 8 janvier).&#13;\n\t\t\t\t  <\/p>\n","protected":false},"excerpt":{"rendered":"Retour \u00e0 la recherche &#13; Les enseignants du d\u00e9partement de Musique ancienne du Conservatoire proposent une immersion sonore&hellip;\n","protected":false},"author":2,"featured_media":637340,"comment_status":"","ping_status":"","sticky":false,"template":"","format":"standard","meta":{"footnotes":""},"categories":[9635],"tags":[1111,11,1777,674,1011,27,775,1702,12,25],"class_list":{"0":"post-637339","1":"post","2":"type-post","3":"status-publish","4":"format-standard","5":"has-post-thumbnail","7":"category-nancy","8":"tag-actu","9":"tag-actualites","10":"tag-eu","11":"tag-europe","12":"tag-fr","13":"tag-france","14":"tag-grand-est","15":"tag-nancy","16":"tag-news","17":"tag-republique-francaise"},"share_on_mastodon":{"url":"https:\/\/pubeurope.com\/@fr\/115828548079190710","error":""},"_links":{"self":[{"href":"https:\/\/www.europesays.com\/fr\/wp-json\/wp\/v2\/posts\/637339","targetHints":{"allow":["GET"]}}],"collection":[{"href":"https:\/\/www.europesays.com\/fr\/wp-json\/wp\/v2\/posts"}],"about":[{"href":"https:\/\/www.europesays.com\/fr\/wp-json\/wp\/v2\/types\/post"}],"author":[{"embeddable":true,"href":"https:\/\/www.europesays.com\/fr\/wp-json\/wp\/v2\/users\/2"}],"replies":[{"embeddable":true,"href":"https:\/\/www.europesays.com\/fr\/wp-json\/wp\/v2\/comments?post=637339"}],"version-history":[{"count":0,"href":"https:\/\/www.europesays.com\/fr\/wp-json\/wp\/v2\/posts\/637339\/revisions"}],"wp:featuredmedia":[{"embeddable":true,"href":"https:\/\/www.europesays.com\/fr\/wp-json\/wp\/v2\/media\/637340"}],"wp:attachment":[{"href":"https:\/\/www.europesays.com\/fr\/wp-json\/wp\/v2\/media?parent=637339"}],"wp:term":[{"taxonomy":"category","embeddable":true,"href":"https:\/\/www.europesays.com\/fr\/wp-json\/wp\/v2\/categories?post=637339"},{"taxonomy":"post_tag","embeddable":true,"href":"https:\/\/www.europesays.com\/fr\/wp-json\/wp\/v2\/tags?post=637339"}],"curies":[{"name":"wp","href":"https:\/\/api.w.org\/{rel}","templated":true}]}}