{"id":637341,"date":"2026-01-03T01:25:12","date_gmt":"2026-01-03T01:25:12","guid":{"rendered":"https:\/\/www.europesays.com\/fr\/637341\/"},"modified":"2026-01-03T01:25:12","modified_gmt":"2026-01-03T01:25:12","slug":"previsions-du-samedi-3-janvier-2026","status":"publish","type":"post","link":"https:\/\/www.europesays.com\/fr\/637341\/","title":{"rendered":"pr\u00e9visions du samedi 3 janvier 2026"},"content":{"rendered":"<p>Aujourd&rsquo;hui, on anticipe pour Montpellier des valeurs d&rsquo;environ 6\u00b0C. La m\u00e9t\u00e9o devrait s&rsquo;am\u00e9liorer durant la matin\u00e9e. Les temp\u00e9ratures afficheront entre 3\u00b0C et 7\u00b0C. Un vent de nord-ouest soufflera l\u00e9g\u00e8rement, avec 7 km\/h. L&rsquo;apr\u00e8s-midi, les perturbations seront toujours pr\u00e9sentes avec des nuages. Les valeurs iront de 5 \u00e0 8\u00b0C. On pr\u00e9voit des \u00e9claircies pour cette soir\u00e9e. Les temp\u00e9ratures seront comprises entre 4 et 5\u00b0C. Un ciel d\u00e9pourvu de nuages est attendu dans la nuit entre samedi et dimanche.<\/p>\n<p>Demain, les temp\u00e9ratures vont chuter de quelques degr\u00e9s \u00e0 Montpellier. Il va faire 4\u00b0C en moyenne. La ville profitera de quelques \u00e9claircies le matin. Les valeurs s&rsquo;\u00e9chelonneront entre 1 et 4\u00b0C. Une brise de nord-ouest soufflera doucement. Un beau soleil est attendu demain apr\u00e8s-midi. Les maximales iront jusqu&rsquo;\u00e0 6\u00b0C tandis que les minimales seront de 3\u00b0C. Apr\u00e8s un bref \u00e9pisode nuageux, le ciel va s&rsquo;\u00e9claircir dans la soir\u00e9e. Les temp\u00e9ratures seront de 2\u00b0C au plus bas et de 3\u00b0C au maximum. Un petit vent de nord soufflera.<\/p>\n<p>Les jours s&rsquo;encha\u00eenent et ne changent pas. Comptez sur 0\u00b0C en moyenne qui accompagneront des journ\u00e9es ensoleill\u00e9es.<\/p>\n<p><\/p>\n","protected":false},"excerpt":{"rendered":"Aujourd&rsquo;hui, on anticipe pour Montpellier des valeurs d&rsquo;environ 6\u00b0C. La m\u00e9t\u00e9o devrait s&rsquo;am\u00e9liorer durant la matin\u00e9e. Les temp\u00e9ratures&hellip;\n","protected":false},"author":2,"featured_media":637342,"comment_status":"","ping_status":"","sticky":false,"template":"","format":"standard","meta":{"footnotes":""},"categories":[9599],"tags":[1111,11,1777,674,1011,27,2208,12,2680,2119,25],"class_list":{"0":"post-637341","1":"post","2":"type-post","3":"status-publish","4":"format-standard","5":"has-post-thumbnail","7":"category-montpellier","8":"tag-actu","9":"tag-actualites","10":"tag-eu","11":"tag-europe","12":"tag-fr","13":"tag-france","14":"tag-montpellier","15":"tag-news","16":"tag-occitanie","17":"tag-previsions-meteo","18":"tag-republique-francaise"},"share_on_mastodon":{"url":"https:\/\/pubeurope.com\/@fr\/115828564054497486","error":""},"_links":{"self":[{"href":"https:\/\/www.europesays.com\/fr\/wp-json\/wp\/v2\/posts\/637341","targetHints":{"allow":["GET"]}}],"collection":[{"href":"https:\/\/www.europesays.com\/fr\/wp-json\/wp\/v2\/posts"}],"about":[{"href":"https:\/\/www.europesays.com\/fr\/wp-json\/wp\/v2\/types\/post"}],"author":[{"embeddable":true,"href":"https:\/\/www.europesays.com\/fr\/wp-json\/wp\/v2\/users\/2"}],"replies":[{"embeddable":true,"href":"https:\/\/www.europesays.com\/fr\/wp-json\/wp\/v2\/comments?post=637341"}],"version-history":[{"count":0,"href":"https:\/\/www.europesays.com\/fr\/wp-json\/wp\/v2\/posts\/637341\/revisions"}],"wp:featuredmedia":[{"embeddable":true,"href":"https:\/\/www.europesays.com\/fr\/wp-json\/wp\/v2\/media\/637342"}],"wp:attachment":[{"href":"https:\/\/www.europesays.com\/fr\/wp-json\/wp\/v2\/media?parent=637341"}],"wp:term":[{"taxonomy":"category","embeddable":true,"href":"https:\/\/www.europesays.com\/fr\/wp-json\/wp\/v2\/categories?post=637341"},{"taxonomy":"post_tag","embeddable":true,"href":"https:\/\/www.europesays.com\/fr\/wp-json\/wp\/v2\/tags?post=637341"}],"curies":[{"name":"wp","href":"https:\/\/api.w.org\/{rel}","templated":true}]}}