{"id":637343,"date":"2026-01-03T01:26:17","date_gmt":"2026-01-03T01:26:17","guid":{"rendered":"https:\/\/www.europesays.com\/fr\/637343\/"},"modified":"2026-01-03T01:26:17","modified_gmt":"2026-01-03T01:26:17","slug":"lusage-des-reseaux-sociaux-dans-le-viseur-du-gouvernement","status":"publish","type":"post","link":"https:\/\/www.europesays.com\/fr\/637343\/","title":{"rendered":"l&rsquo;usage des r\u00e9seaux sociaux dans le viseur du gouvernement"},"content":{"rendered":"<p melodystyle=\"texte\">\u00ab\u00a0Nous devons prot\u00e9ger les plus jeunes des risques et des dangers li\u00e9s aux r\u00e9seaux sociaux, c&rsquo;est un combat qui me tient profond\u00e9ment \u00e0 c\u0153ur\u00a0\u00bb, expose Anne Le\u00a0H\u00e9nanff, ministre d\u00e9l\u00e9gu\u00e9e charg\u00e9e de l&rsquo;intelligence artificielle et du num\u00e9rique, dans ses v\u0153ux aux Fran\u00e7ais, publi\u00e9s sur le r\u00e9seau social X, jeudi 1er\u00a0janvier. Elle confirme <a href=\"https:\/\/www.lecourriercauchois.fr\/actualite-392785-seine-maritime-interdiction-du-portable-dans-les-lycees-emmanuel-macron-fixe-cet-objectif-pour-la-prochaine-rentree\" target=\"_blank\" rel=\"noopener\">les annonces du pr\u00e9sident de la R\u00e9publique Emmanuel Macron<\/a>, concernant la protection \u00ab\u00a0des adolescents et des enfants des r\u00e9seaux sociaux et des \u00e9crans\u00a0\u00bb.<\/p>\n<blockquote class=\"twitter-tweet\"><p>&#13;<\/p>\n<p melodystyle=\"texte\">Excellente ann\u00e9e 2026 \u00e0 toutes et \u00e0 tous\u00a0! \u2728<\/p>\n<p>A l&rsquo;occasion de ces voeux, j&rsquo;ai souhait\u00e9 revenir avec vous sur ces deux premiers mois \u00e0 la t\u00eate du minist\u00e8re de l&rsquo;Intelligence artificielle et du Num\u00e9rique. <a href=\"https:\/\/t.co\/6ZJaAD6J6l\" target=\"_blank\">pic.twitter.com\/6ZJaAD6J6l<\/a><\/p>\n<p>&#13;<br \/>\n\u2014 Anne Le\u00a0H\u00e9nanff (@ALehenanff) <a href=\"https:\/\/twitter.com\/ALehenanff\/status\/2006635717041205350?ref_src=twsrc%5Etfw\" target=\"_blank\" rel=\"noopener\">January 1, 2026<\/a><\/p><\/blockquote>\n<p>\u00ab\u00a0Laissons \u00e0 nos enfants le droit d&rsquo;\u00eatre des enfants\u00a0\u00bb<\/p>\n<p melodystyle=\"texte\">Anne Le\u00a0H\u00e9nanff l&rsquo;assure\u00a0: \u00ab\u00a0Je pr\u00e9pare un projet de loi qui sera pr\u00eat d\u00e8s janvier\u00a02026 pour instaurer une majorit\u00e9 num\u00e9rique en France, \u00e0 15 ans. Laissons \u00e0 nos enfants le droit d&rsquo;\u00eatre des enfants. Je porte aussi ce combat au niveau europ\u00e9en au c\u00f4t\u00e9 du pr\u00e9sident de la R\u00e9publique, pour convaincre les autres pays de rejoindre la France\u00a0\u00bb.<\/p>\n<p>82\u00a0% des 10-14 ans iraient r\u00e9guli\u00e8rement sur internet seul<\/p>\n<p melodystyle=\"texte\">En 2020, une enqu\u00eate command\u00e9e <a href=\"https:\/\/hal.science\/hal-04919994\" target=\"_blank\" rel=\"noopener\">par la CNIL<\/a> (commission nationale de l&rsquo;informatique et des libert\u00e9s) montrait que 82\u00a0% des 10-14 ans allaient r\u00e9guli\u00e8rement sur internet seuls, et que 21\u00a0% y avaient d\u00e9j\u00e0 ouvert un compte transmettant des informations \u00e0 caract\u00e8re personnel. Autre chiffre issu d&rsquo;une enqu\u00eate pour la CNIL, en 2023\u00a0: 79\u00a0% des enfants ont acc\u00e8s \u00e0 un t\u00e9l\u00e9phone portable avant 11 ans. La commission accompagne les 10-15 ans depuis le 16\u00a0d\u00e9cembre, avec <a href=\"https:\/\/www.cnil.fr\/fr\/fantomapp\" target=\"_blank\" rel=\"noopener\">FantomApp<\/a>, une application pour aider les adolescents \u00e0 se prot\u00e9ger sur les r\u00e9seaux sociaux.<\/p>\n<blockquote class=\"twitter-tweet\"><p>&#13;<\/p>\n<p melodystyle=\"texte\">\ud83d\udc7b \ud83d\udce2 Nouveau\u00a0! D\u00e9couvrez <a href=\"https:\/\/twitter.com\/hashtag\/FantomApp?src=hash&amp;ref_src=twsrc%5Etfw\" target=\"_blank\" rel=\"noopener\">#FantomApp<\/a>, la premi\u00e8re application de la CNIL pour aider les 10-15 ans \u00e0 se prot\u00e9ger sur les r\u00e9seaux sociaux. Pour en savoir plus \ud83d\udc49 <a href=\"https:\/\/t.co\/AO9KmWnq47\" target=\"_blank\">https:\/\/t.co\/AO9KmWnq47<\/a> <a href=\"https:\/\/t.co\/rwPSq5fuNI\" target=\"_blank\">pic.twitter.com\/rwPSq5fuNI<\/a><\/p>\n<p>&#13;<br \/>\n\u2014 CNIL (@CNIL) <a href=\"https:\/\/twitter.com\/CNIL\/status\/2000850898440814749?ref_src=twsrc%5Etfw\" target=\"_blank\" rel=\"noopener\">December 16, 2025<\/a><\/p><\/blockquote>\n<p>Vers une interdiction du portable au lyc\u00e9e\u00a0?<\/p>\n<p melodystyle=\"texte\">Apr\u00e8s la mise en \u0153uvre g\u00e9n\u00e9ralis\u00e9e du dispositif \u00ab\u00a0Portable en pause\u00a0\u00bb dans les coll\u00e8ges \u00e0 la rentr\u00e9e 2025, le pr\u00e9sident de la R\u00e9publique souhaite faire \u00e9tendre le dispositif dans les lyc\u00e9es d\u00e8s la rentr\u00e9e de septembre\u00a02026. Ce qui explique l&rsquo;acc\u00e9l\u00e9ration sur cette mesure.<\/p>\n<p melodystyle=\"textnoprint\">A lire aussi\u00a0: <a href=\"https:\/\/www.lecourriercauchois.fr\/actualite-388113-seine-maritime-65-heures-par-semaine-pour-un-principal-un-metier-formidable-mais-en-manque-d-effectif\" target=\"_blank\" rel=\"noopener\">65\u00a0heures par semaine pour un principal, un m\u00e9tier formidable mais en manque d&rsquo;effectif<\/a><\/p>\n<p melodystyle=\"texte\">Selon <a href=\"https:\/\/www.lecourriercauchois.fr\/actualite-389121-education-portables-en-pause-mesure-appliquee-dans-moins-d-un-college-sur-dix\" target=\"_blank\" rel=\"noopener\">une enqu\u00eate du Syndicat des personnels de direction de l&rsquo;Education nationale<\/a>, trois semaines apr\u00e8s la rentr\u00e9e moins de 10\u00a0% des coll\u00e8ges appliquaient la directive du minist\u00e8re contre l&rsquo;usage des t\u00e9l\u00e9phones portables dans les \u00e9tablissements.<\/p>\n<p> \t\t\t\t\t\t<script async src=\"https:\/\/platform.twitter.com\/widgets.js\" charset=\"utf-8\"><\/script><\/p>\n","protected":false},"excerpt":{"rendered":"\u00ab\u00a0Nous devons prot\u00e9ger les plus jeunes des risques et des dangers li\u00e9s aux r\u00e9seaux sociaux, c&rsquo;est un combat&hellip;\n","protected":false},"author":2,"featured_media":637344,"comment_status":"","ping_status":"","sticky":false,"template":"","format":"standard","meta":{"footnotes":""},"categories":[9587],"tags":[1111,11,1777,674,1011,27,12,5161,25,9590],"class_list":{"0":"post-637343","1":"post","2":"type-post","3":"status-publish","4":"format-standard","5":"has-post-thumbnail","7":"category-rouen","8":"tag-actu","9":"tag-actualites","10":"tag-eu","11":"tag-europe","12":"tag-fr","13":"tag-france","14":"tag-news","15":"tag-normandie","16":"tag-republique-francaise","17":"tag-rouen"},"share_on_mastodon":{"url":"https:\/\/pubeurope.com\/@fr\/115828567756226803","error":""},"_links":{"self":[{"href":"https:\/\/www.europesays.com\/fr\/wp-json\/wp\/v2\/posts\/637343","targetHints":{"allow":["GET"]}}],"collection":[{"href":"https:\/\/www.europesays.com\/fr\/wp-json\/wp\/v2\/posts"}],"about":[{"href":"https:\/\/www.europesays.com\/fr\/wp-json\/wp\/v2\/types\/post"}],"author":[{"embeddable":true,"href":"https:\/\/www.europesays.com\/fr\/wp-json\/wp\/v2\/users\/2"}],"replies":[{"embeddable":true,"href":"https:\/\/www.europesays.com\/fr\/wp-json\/wp\/v2\/comments?post=637343"}],"version-history":[{"count":0,"href":"https:\/\/www.europesays.com\/fr\/wp-json\/wp\/v2\/posts\/637343\/revisions"}],"wp:featuredmedia":[{"embeddable":true,"href":"https:\/\/www.europesays.com\/fr\/wp-json\/wp\/v2\/media\/637344"}],"wp:attachment":[{"href":"https:\/\/www.europesays.com\/fr\/wp-json\/wp\/v2\/media?parent=637343"}],"wp:term":[{"taxonomy":"category","embeddable":true,"href":"https:\/\/www.europesays.com\/fr\/wp-json\/wp\/v2\/categories?post=637343"},{"taxonomy":"post_tag","embeddable":true,"href":"https:\/\/www.europesays.com\/fr\/wp-json\/wp\/v2\/tags?post=637343"}],"curies":[{"name":"wp","href":"https:\/\/api.w.org\/{rel}","templated":true}]}}