{"id":637345,"date":"2026-01-03T01:27:39","date_gmt":"2026-01-03T01:27:39","guid":{"rendered":"https:\/\/www.europesays.com\/fr\/637345\/"},"modified":"2026-01-03T01:27:39","modified_gmt":"2026-01-03T01:27:39","slug":"au-coeur-du-match-choc-du-hockey-francais-grenoble","status":"publish","type":"post","link":"https:\/\/www.europesays.com\/fr\/637345\/","title":{"rendered":"Au c\u0153ur du match choc du hockey fran\u00e7ais : Grenoble"},"content":{"rendered":"<p>C&rsquo;est le classico du hockey sur glace. Grenoble &#8211; Rouen, c&rsquo;est l&rsquo;opposition entre les deux \u00e9quipes les plus titr\u00e9es des deux derni\u00e8res d\u00e9cennies, avec \u00e0 chaque fois un match intense. Vendredi soir, les Br\u00fbleurs de Loups recevaient les Dragons de Rouen \u00e0 Polesud. Une victoire 5-1 des Is\u00e9rois que Le Dauphin\u00e9 Lib\u00e9r\u00e9 a pu vivre de pr\u00e8s. Immersion.<\/p>\n","protected":false},"excerpt":{"rendered":"C&rsquo;est le classico du hockey sur glace. Grenoble &#8211; Rouen, c&rsquo;est l&rsquo;opposition entre les deux \u00e9quipes les plus&hellip;\n","protected":false},"author":2,"featured_media":637346,"comment_status":"","ping_status":"","sticky":false,"template":"","format":"standard","meta":{"footnotes":""},"categories":[9587],"tags":[1111,11,1777,674,1011,27,12,5161,25,9590],"class_list":{"0":"post-637345","1":"post","2":"type-post","3":"status-publish","4":"format-standard","5":"has-post-thumbnail","7":"category-rouen","8":"tag-actu","9":"tag-actualites","10":"tag-eu","11":"tag-europe","12":"tag-fr","13":"tag-france","14":"tag-news","15":"tag-normandie","16":"tag-republique-francaise","17":"tag-rouen"},"share_on_mastodon":{"url":"https:\/\/pubeurope.com\/@fr\/115828571670929460","error":""},"_links":{"self":[{"href":"https:\/\/www.europesays.com\/fr\/wp-json\/wp\/v2\/posts\/637345","targetHints":{"allow":["GET"]}}],"collection":[{"href":"https:\/\/www.europesays.com\/fr\/wp-json\/wp\/v2\/posts"}],"about":[{"href":"https:\/\/www.europesays.com\/fr\/wp-json\/wp\/v2\/types\/post"}],"author":[{"embeddable":true,"href":"https:\/\/www.europesays.com\/fr\/wp-json\/wp\/v2\/users\/2"}],"replies":[{"embeddable":true,"href":"https:\/\/www.europesays.com\/fr\/wp-json\/wp\/v2\/comments?post=637345"}],"version-history":[{"count":0,"href":"https:\/\/www.europesays.com\/fr\/wp-json\/wp\/v2\/posts\/637345\/revisions"}],"wp:featuredmedia":[{"embeddable":true,"href":"https:\/\/www.europesays.com\/fr\/wp-json\/wp\/v2\/media\/637346"}],"wp:attachment":[{"href":"https:\/\/www.europesays.com\/fr\/wp-json\/wp\/v2\/media?parent=637345"}],"wp:term":[{"taxonomy":"category","embeddable":true,"href":"https:\/\/www.europesays.com\/fr\/wp-json\/wp\/v2\/categories?post=637345"},{"taxonomy":"post_tag","embeddable":true,"href":"https:\/\/www.europesays.com\/fr\/wp-json\/wp\/v2\/tags?post=637345"}],"curies":[{"name":"wp","href":"https:\/\/api.w.org\/{rel}","templated":true}]}}