{"id":637349,"date":"2026-01-03T01:34:15","date_gmt":"2026-01-03T01:34:15","guid":{"rendered":"https:\/\/www.europesays.com\/fr\/637349\/"},"modified":"2026-01-03T01:34:15","modified_gmt":"2026-01-03T01:34:15","slug":"previsions-du-samedi-3-janvier-2026-2","status":"publish","type":"post","link":"https:\/\/www.europesays.com\/fr\/637349\/","title":{"rendered":"pr\u00e9visions du samedi 3 janvier 2026"},"content":{"rendered":"<p>Aujourd&rsquo;hui, on pr\u00e9voit pour Rennes des temp\u00e9ratures d&rsquo;environ 1\u00b0C. Le matin, de l\u00e9gers nuages pars\u00e8meront le ciel, g\u00eanant ainsi l&rsquo;arriv\u00e9e du soleil. Le thermom\u00e8tre affichera 1\u00b0C en moyenne. Un modeste vent d&rsquo;ouest sera ressenti par les habitants. La ville aura quelques \u00e9claircies l&rsquo;apr\u00e8s-midi. Il va faire froid avec des valeurs qui seront comprises entre -1 et 4\u00b0C. Les Rennais vont avoir froid le soir : les temp\u00e9ratures ne vont pas d\u00e9passer -2\u00b0C. Il fera environ -2\u00b0C. C&rsquo;est un ciel d\u00e9pourvu de nuages que conna\u00eetra la nuit de samedi \u00e0 dimanche.<\/p>\n<p>Le ciel de Rennes sera relativement lumineux, avec quelques \u00e9claircies demain. Les temp\u00e9ratures s&rsquo;\u00e9chelonneront entre -3 et 4\u00b0C, un temps vraiment de saison. Les Rennais vont avoir froid le matin : les temp\u00e9ratures ne vont pas d\u00e9passer 3\u00b0C. L&rsquo;hiver sera bien l\u00e0 puisque les valeurs seront quand m\u00eame de -2\u00b0C au plus bas et de 3\u00b0C au plus haut. Un vent de nord-ouest rafra\u00eechira quelque peu l&rsquo;atmosph\u00e8re. Les Rennais vont avoir froid demain apr\u00e8s-midi : les temp\u00e9ratures ne vont pas d\u00e9passer 4\u00b0C. Les maximales atteindront les 4\u00b0C alors que les minimales seront de -1\u00b0C : un temps de saison. On pr\u00e9voit une embellie pour cette soir\u00e9e. Les temp\u00e9ratures tourneront autour de les -3\u00b0C. Une brise de nord-est soufflera l\u00e9g\u00e8rement.<\/p>\n<p>Pour les jours qui suivent, le temps ne changera pas. Le temps sera ensoleill\u00e9 avec des temp\u00e9ratures avoisinant -4\u00b0C.<\/p>\n<p><\/p>\n","protected":false},"excerpt":{"rendered":"Aujourd&rsquo;hui, on pr\u00e9voit pour Rennes des temp\u00e9ratures d&rsquo;environ 1\u00b0C. Le matin, de l\u00e9gers nuages pars\u00e8meront le ciel, g\u00eanant&hellip;\n","protected":false},"author":2,"featured_media":637350,"comment_status":"","ping_status":"","sticky":false,"template":"","format":"standard","meta":{"footnotes":""},"categories":[2821],"tags":[1111,11,829,1777,674,1011,27,12,2119,584,25],"class_list":{"0":"post-637349","1":"post","2":"type-post","3":"status-publish","4":"format-standard","5":"has-post-thumbnail","7":"category-rennes","8":"tag-actu","9":"tag-actualites","10":"tag-bretagne","11":"tag-eu","12":"tag-europe","13":"tag-fr","14":"tag-france","15":"tag-news","16":"tag-previsions-meteo","17":"tag-rennes","18":"tag-republique-francaise"},"share_on_mastodon":{"url":"https:\/\/pubeurope.com\/@fr\/115828599464590327","error":""},"_links":{"self":[{"href":"https:\/\/www.europesays.com\/fr\/wp-json\/wp\/v2\/posts\/637349","targetHints":{"allow":["GET"]}}],"collection":[{"href":"https:\/\/www.europesays.com\/fr\/wp-json\/wp\/v2\/posts"}],"about":[{"href":"https:\/\/www.europesays.com\/fr\/wp-json\/wp\/v2\/types\/post"}],"author":[{"embeddable":true,"href":"https:\/\/www.europesays.com\/fr\/wp-json\/wp\/v2\/users\/2"}],"replies":[{"embeddable":true,"href":"https:\/\/www.europesays.com\/fr\/wp-json\/wp\/v2\/comments?post=637349"}],"version-history":[{"count":0,"href":"https:\/\/www.europesays.com\/fr\/wp-json\/wp\/v2\/posts\/637349\/revisions"}],"wp:featuredmedia":[{"embeddable":true,"href":"https:\/\/www.europesays.com\/fr\/wp-json\/wp\/v2\/media\/637350"}],"wp:attachment":[{"href":"https:\/\/www.europesays.com\/fr\/wp-json\/wp\/v2\/media?parent=637349"}],"wp:term":[{"taxonomy":"category","embeddable":true,"href":"https:\/\/www.europesays.com\/fr\/wp-json\/wp\/v2\/categories?post=637349"},{"taxonomy":"post_tag","embeddable":true,"href":"https:\/\/www.europesays.com\/fr\/wp-json\/wp\/v2\/tags?post=637349"}],"curies":[{"name":"wp","href":"https:\/\/api.w.org\/{rel}","templated":true}]}}