{"id":637353,"date":"2026-01-03T01:36:21","date_gmt":"2026-01-03T01:36:21","guid":{"rendered":"https:\/\/www.europesays.com\/fr\/637353\/"},"modified":"2026-01-03T01:36:21","modified_gmt":"2026-01-03T01:36:21","slug":"liam-rosenior-de-plus-en-plus-proche-de-chelsea-france-rc-strasbourg","status":"publish","type":"post","link":"https:\/\/www.europesays.com\/fr\/637353\/","title":{"rendered":"Liam Rosenior de plus en plus proche de Chelsea &#8211; France &#8211; RC Strasbourg"},"content":{"rendered":"<p>La ru\u00e9e vers l\u2019or.<\/p>\n<p>Dans la famille strasbourgeoise, je voudrais\u2026 l\u2019entra\u00eeneur ! Les jeux se passent toujours bien dans la multipropri\u00e9t\u00e9 BlueCo et, \u00e0 la fin, c\u2019est souvent le Racing qui perd. <a target=\"_blank\" href=\"https:\/\/www.sofoot.com\/breves\/premier-league-officiel-enzo-maresca-a-ete-vire-par-chelsea\" rel=\"noopener\">Apr\u00e8s avoir \u00e9vinc\u00e9 Enzo Maresca<\/a> une fois la nouvelle ann\u00e9e souhait\u00e9e, <strong>Chelsea s\u2019appr\u00eate \u00e0 piquer Liam Rosenior \u00e0 son \u00e9quipe r\u00e9serve<\/strong>.<\/p>\n<p>Strasbourg aura le droit \u00e0 une indemnit\u00e9 de transfert<\/p>\n<p>D\u2019apr\u00e8s les informations de <a target=\"_blank\" href=\"https:\/\/www.lequipe.fr\/Football\/Actualites\/L-arrivee-a-chelsea-de-liam-rosenior-l-entraineur-de-strasbourg-se-precise\/1630682\" rel=\"noopener\">L\u2019\u00c9quipe<\/a>, le coach de Strasbourg est la priorit\u00e9 des Blues, et <strong>les discussions sont de plus en plus avanc\u00e9es entre les deux parties<\/strong>. \u00ab\u00a0Je pourrais dire que je vais rester ici des ann\u00e9es. Mais je suis honn\u00eate, on ne peut jamais tout contr\u00f4ler dans la vie. J\u2019aime ce club, mais on ne peut rien garantir. Personne ne peut le faire\u00a0\u00bb, avait <a target=\"_blank\" href=\"https:\/\/www.sofoot.com\/breves\/strasbourg-liam-rosenior-sexprime-sur-les-rumeurs-qui-lenvoient-a-chelsea\" rel=\"noopener\">d\u00e9clar\u00e9 le principal int\u00e9ress\u00e9<\/a> quelques heures avant, en conf\u00e9rence de presse.<\/p>\n<p>Liam Rosenior devrait toutefois bien \u00eatre pr\u00e9sent \u00e0 Nice, samedi, tandis que Calum McFarlane sera charg\u00e9 de prendre la foudre comme int\u00e9rimaire contre Manchester City. BlueCo a le m\u00e9rite de vouloir faire les choses bien, <strong>une indemnit\u00e9 de transfert<\/strong> devrait \u00eatre pay\u00e9e au RCSA.<\/p>\n<p>Alors, quand est-ce qu\u2019il se fera licencier de Chelsea ? \u00c0 vos pronos.<\/p>\n<p>\t\t\t\t\t\t\t\t\t\t<a class=\"lien-connexe\" href=\"https:\/\/www.sofoot.com\/breves\/chelsea-craque-pour-mohamed-zongo-un-prodige-de-d3-du-burkina-faso\" target=\"_blank\" rel=\"noopener\">Chelsea craque pour un prodige du Burkina Faso<\/a>\t\t\t\t\t<\/p>\n","protected":false},"excerpt":{"rendered":"La ru\u00e9e vers l\u2019or. Dans la famille strasbourgeoise, je voudrais\u2026 l\u2019entra\u00eeneur ! Les jeux se passent toujours bien&hellip;\n","protected":false},"author":2,"featured_media":637354,"comment_status":"","ping_status":"","sticky":false,"template":"","format":"standard","meta":{"footnotes":""},"categories":[2820],"tags":[1111,47,11,61,69,65,64,1777,674,63,1011,27,775,68,66,12,62,70,25,67,640],"class_list":{"0":"post-637353","1":"post","2":"type-post","3":"status-publish","4":"format-standard","5":"has-post-thumbnail","7":"category-strasbourg","8":"tag-actu","9":"tag-actualite","10":"tag-actualites","11":"tag-actus-football","12":"tag-bundesliga","13":"tag-championnats-europeens","14":"tag-equipe-de-france","15":"tag-eu","16":"tag-europe","17":"tag-football","18":"tag-fr","19":"tag-france","20":"tag-grand-est","21":"tag-ligua","22":"tag-ligue-1","23":"tag-news","24":"tag-news-foot","25":"tag-premier-league","26":"tag-republique-francaise","27":"tag-serie-a","28":"tag-strasbourg"},"share_on_mastodon":{"url":"https:\/\/pubeurope.com\/@fr\/115828607136951586","error":""},"_links":{"self":[{"href":"https:\/\/www.europesays.com\/fr\/wp-json\/wp\/v2\/posts\/637353","targetHints":{"allow":["GET"]}}],"collection":[{"href":"https:\/\/www.europesays.com\/fr\/wp-json\/wp\/v2\/posts"}],"about":[{"href":"https:\/\/www.europesays.com\/fr\/wp-json\/wp\/v2\/types\/post"}],"author":[{"embeddable":true,"href":"https:\/\/www.europesays.com\/fr\/wp-json\/wp\/v2\/users\/2"}],"replies":[{"embeddable":true,"href":"https:\/\/www.europesays.com\/fr\/wp-json\/wp\/v2\/comments?post=637353"}],"version-history":[{"count":0,"href":"https:\/\/www.europesays.com\/fr\/wp-json\/wp\/v2\/posts\/637353\/revisions"}],"wp:featuredmedia":[{"embeddable":true,"href":"https:\/\/www.europesays.com\/fr\/wp-json\/wp\/v2\/media\/637354"}],"wp:attachment":[{"href":"https:\/\/www.europesays.com\/fr\/wp-json\/wp\/v2\/media?parent=637353"}],"wp:term":[{"taxonomy":"category","embeddable":true,"href":"https:\/\/www.europesays.com\/fr\/wp-json\/wp\/v2\/categories?post=637353"},{"taxonomy":"post_tag","embeddable":true,"href":"https:\/\/www.europesays.com\/fr\/wp-json\/wp\/v2\/tags?post=637353"}],"curies":[{"name":"wp","href":"https:\/\/api.w.org\/{rel}","templated":true}]}}