{"id":637355,"date":"2026-01-03T01:37:16","date_gmt":"2026-01-03T01:37:16","guid":{"rendered":"https:\/\/www.europesays.com\/fr\/637355\/"},"modified":"2026-01-03T01:37:16","modified_gmt":"2026-01-03T01:37:16","slug":"luja-de-nice-veut-redevenir-le-repere-des-jeunes-avocats","status":"publish","type":"post","link":"https:\/\/www.europesays.com\/fr\/637355\/","title":{"rendered":"L\u2019UJA de Nice veut redevenir \u00ab le rep\u00e8re \u00bb des jeunes avocats"},"content":{"rendered":"<p>                    <img loading=\"lazy\" decoding=\"async\" src=\"https:\/\/www.europesays.com\/fr\/wp-content\/uploads\/2026\/01\/e56d205988e21e9a6a423fccadf72a.jpg\" class=\"img-responsive post-image\" width=\"680\" height=\"510\" alt=\"L'UJA de Nice veut redeve\" title=\"L'UJA de Nice veut redevenir \u00ab le rep\u00e8re \u00bb des jeunes avocats\"\/><\/p>\n<p class=\"chapo\">L\u2019Union des jeunes avocats ni\u00e7ois, d\u00e9sormais pr\u00e9sid\u00e9e par Manon Beaury, a une double ambition pour 2026\u00a0: prolonger l\u2019action syndicale et renforcer le lien entre les jeunes confr\u00e8res.<\/p>\n<p>\u00ab\u00a0Je souhaite prolonger ce qu\u2019a fait Romain Vallier sur le c\u00f4t\u00e9 syndical. J\u2019aimerais beaucoup plus sensibiliser les jeunes avocats sur ce qu\u2019est l\u2019UJA, c\u2019est-\u00e0-dire une association \u00e0 vocation syndicale\u00a0\u00bb, confie <strong>Me Beaury,<\/strong> \u00e9lue en d\u00e9cembre pour un an \u00e9ventuellement renouvelable. Elle rappelle, pour illustrer l\u2019importance des UJA, que la loi rendant obligatoire l\u2019assistance d\u2019un avocat pour les mineurs concern\u00e9s par une mesure d\u2019assistance \u00e9ducative a \u00e9t\u00e9 port\u00e9e par la f\u00e9d\u00e9ration nationale des UJA (Fnuja). La nouvelle pr\u00e9sidente de l\u2019union locale souhaiterait \u00e9galement renforcer \u00ab\u00a0le lien entre les avocats, d\u2019abord \u00e0 destination des jeunes\u00a0\u00bb. Elle rel\u00e8ve \u00ab\u00a0qu\u2019\u00e9norm\u00e9ment de confr\u00e8res se dirigent vers des business clubs, des BNI (Business network international) alors que l\u2019UJA peut servir \u00e0 cela. On est un r\u00e9seau et je pense qu\u2019on devrait \u00eatre le premier r\u00e9seau vers lequel les avocats et surtout les jeunes se tournent parce que nous sommes l\u00e0 pour les d\u00e9fendre\u00a0\u00bb. Vice-pr\u00e9sidente, <strong>\u00c9lodie Nesa<\/strong>\u00a0consid\u00e8re que ce sont justement les avocats qui peuvent \u00eatre, entre eux, \u00ab\u00a0\u00a0les meilleurs apporteurs d\u2019affaires\u00a0\u00a0\u00bb. \u00ab\u00a0C\u2019est tr\u00e8s bien que les jeunes avocats d\u00e9cident d\u2019aller dans des clubs interprofessionnels mais ce serait une bonne chose qu\u2019ils aillent d\u2019abord \u00e0 l\u2019UJA, pour y trouver du soutien.\u00a0\u00bb<\/p>\n<p>Convaincre<\/p>\n<p>\u00ab\u00a0Nous voudrions que l\u2019UJA redevienne le rep\u00e8re des jeunes confr\u00e8res, jeunes par leur \u00e2ge ou leur nombre d\u2019ann\u00e9es de barre car nous voyons tous les ans des d\u00e9buts d\u2019exercice \u00e0 la suite d\u2019une reconversion professionnelle\u00a0\u00bb, confirme<strong> Marie Orsat,<\/strong> premi\u00e8re vice-pr\u00e9sidente. \u00ab\u00a0Il y a un nouveau souffle avec Manon (Beaury) et on souhaite garder le meilleur de ce qui a \u00e9t\u00e9 fait avant.\u00a0\u00a0\u00bb Nouvel arrivant dans le bureau de l\u2019association ni\u00e7oise, <strong>Lilian\u00a0Polimeni-Kitabdjian,<\/strong> charg\u00e9 avec <strong>Valentine Ponti Simonis <\/strong> du p\u00f4le formation, est conscient du \u00ab\u00a0travail \u00e0 mener aupr\u00e8s des jeunes confr\u00e8res pour les convaincre\u00a0\u00bb <a href=\"https:\/\/www.helloasso.com\/associations\/union-des-jeunes-avocats-du-barreau-de-nice\/adhesions\/adhesion-2026-1\" class=\"spip_out\" rel=\"external noopener\" target=\"_blank\">d\u2019adh\u00e9rer ou du moins de se tourner vers l\u2019UJA.<\/a> <strong>Pierre Lavie<\/strong>, co-responsable du p\u00f4le \u00e9v\u00e9nementiel et partenariats, souligne l\u2019importance, surtout pour les jeunes qui d\u00e9cident de s\u2019installer seuls, de ne pas \u00eatre isol\u00e9s et de chercher \u00e0 s\u2019appuyer sur des confr\u00e8res en fonction de la sp\u00e9cialit\u00e9 de chacun. Cette ambition d\u2019aider les plus jeunes a \u00e9t\u00e9 r\u00e9cemment symbolis\u00e9e par l\u2019op\u00e9ration \u00ab\u00a0Adopte ton collab\u2019\u00a0\u00bb, premi\u00e8re action du nouveau bureau. Il y avait urgence \u00e0 agir pour certains futurs nouveaux avocats qui n\u2019avaient pas encore trouv\u00e9 de collaboration (mode d\u2019exercice professionnel qui permet de travailler pour un cabinet d\u2019un ou plusieurs avocats et qui est une voie pour se lancer). La nouvelle \u00e9quipe, dynamique et soud\u00e9e, souhaite d\u00e9velopper les formations, qui s\u2019adressent d\u2019ailleurs \u00e0 l\u2019ensemble des avocats, les \u00e9v\u00e9nements de convivialit\u00e9, id\u00e9alement au rythme d\u2019un par mois, ainsi que les partenariats utiles \u00e0 la profession. Pour mieux communiquer, ils entendent \u00ab\u00a0\u00eatre tr\u00e8s actifs sur les r\u00e9seaux sociaux\u00a0\u00bb. Une mission notamment attribu\u00e9e \u00e0 <strong>Alisa Chitoraga<\/strong>, charg\u00e9e du p\u00f4le communication.<\/p>\n<p>Le bureau 2026<\/p>\n<p>\u2022 Manon Beaury\u00a0: pr\u00e9sidente<br class=\"autobr\"\/><br \/>\n\u2022 Elodie Nesa\u00a0: vice-pr\u00e9sidente<br class=\"autobr\"\/><br \/>\n\u2022 Marie Orsat\u00a0: vice-pr\u00e9sidente<br class=\"autobr\"\/><br \/>\n\u2022 Gr\u00e9gory Fuster\u00a0: tr\u00e9sorier et repr\u00e9sentant Jeune barreau<br class=\"autobr\"\/><br \/>\n\u2022 Valentine Ponti Simonis\u00a0: p\u00f4le formation<br class=\"autobr\"\/><br \/>\n\u2022 Lilian Polimeni-Kitabdjian\u00a0: d\u00e9l\u00e9gu\u00e9 p\u00f4le formation<br class=\"autobr\"\/><br \/>\n\u2022 Alisa Chitoraga\u00a0: p\u00f4le communication<br class=\"autobr\"\/><br \/>\n\u2022 Pierre Lavie\u00a0: p\u00f4le \u00e9v\u00e9nementiel et partenariats<br class=\"autobr\"\/><br \/>\n\u2022 Florence Jean\u00a0: p\u00f4le \u00e9v\u00e9nementiel et partenariats<\/p>\n<p>Les prochains \u00e9v\u00e9nements<\/p>\n<p>\u2022 6 janvier\u00a0: accueil\u00a0des nouveaux avocats, avec visite de la Maison de l\u2019avocat, de la biblioth\u00e8que des avocats et du palais de justice, d\u00e9jeuner avec le conseil de l\u2019ordre <br class=\"autobr\"\/><br \/>\n\u2022 8 janvier\u00a0: suite de l\u2019accueil des nouveaux avocats avec le mot de bienvenue du nouveau b\u00e2tonnier, C\u00e9dric Porteron, et la soir\u00e9e d\u2019int\u00e9gration <br class=\"autobr\"\/><br \/>\n\u2022 22 janvier\u00a0: formation e-barreau et RPVA<br class=\"autobr\"\/><br \/>\n\u2022 29 janvier\u00a0: formation comptabilit\u00e9<\/p>\n<p>Photo de Une\u00a0: une partie du bureau 2026 \u00a9SG<\/p>\n","protected":false},"excerpt":{"rendered":"L\u2019Union des jeunes avocats ni\u00e7ois, d\u00e9sormais pr\u00e9sid\u00e9e par Manon Beaury, a une double ambition pour 2026\u00a0: prolonger l\u2019action&hellip;\n","protected":false},"author":2,"featured_media":637356,"comment_status":"","ping_status":"","sticky":false,"template":"","format":"standard","meta":{"footnotes":""},"categories":[2819],"tags":[1111,11,2408,1777,674,1011,27,12,2401,882,25],"class_list":{"0":"post-637355","1":"post","2":"type-post","3":"status-publish","4":"format-standard","5":"has-post-thumbnail","7":"category-nice","8":"tag-actu","9":"tag-actualites","10":"tag-appels-d","11":"tag-eu","12":"tag-europe","13":"tag-fr","14":"tag-france","15":"tag-news","16":"tag-nice","17":"tag-provence-alpes-cote-dazur","18":"tag-republique-francaise"},"share_on_mastodon":{"url":"https:\/\/pubeurope.com\/@fr\/115828611072641627","error":""},"_links":{"self":[{"href":"https:\/\/www.europesays.com\/fr\/wp-json\/wp\/v2\/posts\/637355","targetHints":{"allow":["GET"]}}],"collection":[{"href":"https:\/\/www.europesays.com\/fr\/wp-json\/wp\/v2\/posts"}],"about":[{"href":"https:\/\/www.europesays.com\/fr\/wp-json\/wp\/v2\/types\/post"}],"author":[{"embeddable":true,"href":"https:\/\/www.europesays.com\/fr\/wp-json\/wp\/v2\/users\/2"}],"replies":[{"embeddable":true,"href":"https:\/\/www.europesays.com\/fr\/wp-json\/wp\/v2\/comments?post=637355"}],"version-history":[{"count":0,"href":"https:\/\/www.europesays.com\/fr\/wp-json\/wp\/v2\/posts\/637355\/revisions"}],"wp:featuredmedia":[{"embeddable":true,"href":"https:\/\/www.europesays.com\/fr\/wp-json\/wp\/v2\/media\/637356"}],"wp:attachment":[{"href":"https:\/\/www.europesays.com\/fr\/wp-json\/wp\/v2\/media?parent=637355"}],"wp:term":[{"taxonomy":"category","embeddable":true,"href":"https:\/\/www.europesays.com\/fr\/wp-json\/wp\/v2\/categories?post=637355"},{"taxonomy":"post_tag","embeddable":true,"href":"https:\/\/www.europesays.com\/fr\/wp-json\/wp\/v2\/tags?post=637355"}],"curies":[{"name":"wp","href":"https:\/\/api.w.org\/{rel}","templated":true}]}}