{"id":637357,"date":"2026-01-03T01:38:24","date_gmt":"2026-01-03T01:38:24","guid":{"rendered":"https:\/\/www.europesays.com\/fr\/637357\/"},"modified":"2026-01-03T01:38:24","modified_gmt":"2026-01-03T01:38:24","slug":"sergio-ramos-a-nice-on-en-sait-beaucoup-plus","status":"publish","type":"post","link":"https:\/\/www.europesays.com\/fr\/637357\/","title":{"rendered":"Sergio Ramos \u00e0 Nice, on en sait beaucoup plus"},"content":{"rendered":"<p><strong>On est d\u00e9finitivement fix\u00e9 sur le dossier Sergio Ramos \u00e0 <a href=\"https:\/\/www.les-transferts.com\/club\/nice\/actualite\/\" target=\"_blank\" rel=\"noopener\">Nice<\/a>.<\/strong><\/p>\n<p>C\u2019est la grosse rumeur qui a enflamm\u00e9 les d\u00e9bats ces derniers jours en Europe. Apr\u00e8s une ann\u00e9e pass\u00e9e au Mexique o\u00f9 il a d\u00e9fendu les couleurs de <strong>Rayados Monterrey<\/strong>, Sergio Ramos a mis fin \u00e0 son contrat. L\u2019ancien d\u00e9fenseur du Real Madrid envisage un retour sur le vieux continent.<\/p>\n<p>Sergio Ramos ne signera pas \u00e0 Nice<\/p>\n<p>Le nom de Sergio Ramos a \u00e9t\u00e9 \u00e9voqu\u00e9 par plusieurs sources pour <strong>renforcer l\u2019\u00e9quipe de Nice<\/strong> en difficult\u00e9 sur la premi\u00e8re partie de la saison. Devant l\u2019instance des rumeurs, <strong>Jean-Pierre Rivi\u00e8re<\/strong> a tenu \u00e0 tirer les choses au clair. En conf\u00e9rence de presse lors de la pr\u00e9sentation d\u2019Elye Wahi, le <strong>pr\u00e9sident de l\u2019OGC Nice<\/strong> a assur\u00e9 que le champion du monde 2010 n\u2019est pas le viseur du Gym.<\/p>\n<\/p>\n<p>\u00ab\u00a0Sergio Ramos n\u2019est pas pr\u00e9vu sur nos tablettes, ce n\u2019est pas le cas\u00a0\u00bb, assure-t-il. \u00ab\u00a0Je ne sais plus si on a \u00e9t\u00e9 en contact un moment ou non\u2026 peut-\u00eatre. Mais il n\u2019est pas sur nos tablettes, ce n\u2019est pas le cas. On travaille sur le mercato, on n\u2019est pas oblig\u00e9 de faire des grands noms. Il faut \u00eatre coh\u00e9rent. Elye Wahi est d\u00e9j\u00e0 un grand nom.\u00a0\u00bb Voil\u00e0 qui est clair.<\/p>\n<p>Ancien footballeur amateur. Actuellement Journaliste TV &amp; Web. Passionn\u00e9 de foot, de voyages et de lecture je suis un inconditionnel de Manchester United.<\/p>\n","protected":false},"excerpt":{"rendered":"On est d\u00e9finitivement fix\u00e9 sur le dossier Sergio Ramos \u00e0 Nice. C\u2019est la grosse rumeur qui a enflamm\u00e9&hellip;\n","protected":false},"author":2,"featured_media":637358,"comment_status":"","ping_status":"","sticky":false,"template":"","format":"standard","meta":{"footnotes":""},"categories":[2819],"tags":[1111,11,1777,674,1011,27,12,2401,882,25],"class_list":{"0":"post-637357","1":"post","2":"type-post","3":"status-publish","4":"format-standard","5":"has-post-thumbnail","7":"category-nice","8":"tag-actu","9":"tag-actualites","10":"tag-eu","11":"tag-europe","12":"tag-fr","13":"tag-france","14":"tag-news","15":"tag-nice","16":"tag-provence-alpes-cote-dazur","17":"tag-republique-francaise"},"share_on_mastodon":{"url":"https:\/\/pubeurope.com\/@fr\/115828614938978404","error":""},"_links":{"self":[{"href":"https:\/\/www.europesays.com\/fr\/wp-json\/wp\/v2\/posts\/637357","targetHints":{"allow":["GET"]}}],"collection":[{"href":"https:\/\/www.europesays.com\/fr\/wp-json\/wp\/v2\/posts"}],"about":[{"href":"https:\/\/www.europesays.com\/fr\/wp-json\/wp\/v2\/types\/post"}],"author":[{"embeddable":true,"href":"https:\/\/www.europesays.com\/fr\/wp-json\/wp\/v2\/users\/2"}],"replies":[{"embeddable":true,"href":"https:\/\/www.europesays.com\/fr\/wp-json\/wp\/v2\/comments?post=637357"}],"version-history":[{"count":0,"href":"https:\/\/www.europesays.com\/fr\/wp-json\/wp\/v2\/posts\/637357\/revisions"}],"wp:featuredmedia":[{"embeddable":true,"href":"https:\/\/www.europesays.com\/fr\/wp-json\/wp\/v2\/media\/637358"}],"wp:attachment":[{"href":"https:\/\/www.europesays.com\/fr\/wp-json\/wp\/v2\/media?parent=637357"}],"wp:term":[{"taxonomy":"category","embeddable":true,"href":"https:\/\/www.europesays.com\/fr\/wp-json\/wp\/v2\/categories?post=637357"},{"taxonomy":"post_tag","embeddable":true,"href":"https:\/\/www.europesays.com\/fr\/wp-json\/wp\/v2\/tags?post=637357"}],"curies":[{"name":"wp","href":"https:\/\/api.w.org\/{rel}","templated":true}]}}