{"id":637359,"date":"2026-01-03T01:41:26","date_gmt":"2026-01-03T01:41:26","guid":{"rendered":"https:\/\/www.europesays.com\/fr\/637359\/"},"modified":"2026-01-03T01:41:26","modified_gmt":"2026-01-03T01:41:26","slug":"45-6me-qui-font-peur-jusqua-quand-kita-va-tenir","status":"publish","type":"post","link":"https:\/\/www.europesays.com\/fr\/637359\/","title":{"rendered":"45.6M\u20ac qui font peur, jusqu&rsquo;\u00e0 quand Kita va tenir ?"},"content":{"rendered":"<p>\t\t\t\t\t Les comptes du FC Nantes arr\u00eat\u00e9s au 30 juin 2025 ont \u00e9t\u00e9 publi\u00e9s, confirmant un mod\u00e8le \u00e9conomique qui oblige les Kita \u00e0 remettre au pot, et pas qu&rsquo;un peu ! Si les supporters peuvent se targuer d&rsquo;une fid\u00e9lit\u00e9 sans faille, avec des revenus billetterie en hausse de 6,80% t\u00e9moignant de la ferveur de la Beaujoire, le reste du bilan comptable est alarmant. <\/p>\n<p>Le c\u0153ur du probl\u00e8me r\u00e9side dans l&rsquo;effondrement des revenus audiovisuels. Comme l&rsquo;indiquent les documents financiers publi\u00e9s, les Canaris subissent une d\u00e9gringolade de 36,29% des droits TV. A cela, il faut rajouter la fin de la perfusion financi\u00e8re li\u00e9e \u00e0 l&rsquo;accord CVC, qui prive le club d&rsquo;une manne de 16,5 millions d&rsquo;euros per\u00e7ue pr\u00e9c\u00e9demment. Pour ne rien arranger, le sponsoring marque \u00e9galement le pas avec un recul de 8,55%, signe que l&rsquo;attractivit\u00e9 commerciale du FCN souffre dans ce contexte morose. <\/p>\n<p>Face \u00e0 cette situation financi\u00e8re dans le rouge vif, le club ne survit aujourd&rsquo;hui que gr\u00e2ce \u00e0 l&rsquo;intervention massive de son propri\u00e9taire. Pour combler les trous dans la raquette, la holding Flava Group a d\u00fb remettre la main \u00e0 la poche en injectant pas moins de 45,6 millions d&rsquo;euros sur le dernier exercice. Une op\u00e9ration de sauvetage qui, si elle permet au FCN de passer l&rsquo;\u00e9cueil de la DNCG, alourdit consid\u00e9rablement le passif du club. <\/p>\n<p>L&rsquo;analyse de la dette r\u00e9v\u00e8le une trajectoire inqui\u00e9tante pour tout potentiel repreneur. Alors que les cr\u00e9ances du club envers Waldemar Kita s&rsquo;\u00e9levaient \u00e0 38,6 millions d&rsquo;euros en 2020 selon le journaliste Julien Sureau, elles fr\u00f4lent d\u00e9sormais les 130 millions d&rsquo;euros.\u00a0 <\/p>\n<p>Autant dire qu&rsquo;avec un tel passif, pas la peine d&rsquo;imaginer qu&rsquo;un investisseur puisse \u00eatre int\u00e9ress\u00e9. Car au del\u00e0 du fait que Waldemar soit peut enclin \u00e0 vendre son club, il faudrait qu&rsquo;un investisseur mette au minimum 130\/150 millions d&rsquo;euros sur la table, et encore on est gentil.\u00a0 <\/p>\n<p>La question est d\u00e9sormais de savoir jusqu&rsquo;\u00e0 quand Kita va pouvoir combler le d\u00e9ficit chronique qui risque de s&rsquo;alourdir au fil des ann\u00e9es ? En tout cas une chose est s\u00fbre, il faut s&rsquo;attendre \u00e0 de grosses ventes \u00e0 l&rsquo;issue de la saison, et notamment de Tylel Tati qui est \u00e0 l&rsquo;heure actuelle le joueur le plus bankable du FC Nantes avec Matthis Abline, m\u00eame si la cote de ce dernier a bien baiss\u00e9 en raison d&rsquo;une mauvaise premi\u00e8re partie de saison.\n\t\t\t\t <\/p>\n","protected":false},"excerpt":{"rendered":"Les comptes du FC Nantes arr\u00eat\u00e9s au 30 juin 2025 ont \u00e9t\u00e9 publi\u00e9s, confirmant un mod\u00e8le \u00e9conomique qui&hellip;\n","protected":false},"author":2,"featured_media":637360,"comment_status":"","ping_status":"","sticky":false,"template":"","format":"standard","meta":{"footnotes":""},"categories":[2818],"tags":[1111,11,1777,674,1011,27,766,12,2636,25],"class_list":{"0":"post-637359","1":"post","2":"type-post","3":"status-publish","4":"format-standard","5":"has-post-thumbnail","7":"category-nantes","8":"tag-actu","9":"tag-actualites","10":"tag-eu","11":"tag-europe","12":"tag-fr","13":"tag-france","14":"tag-nantes","15":"tag-news","16":"tag-pays-de-la-loire","17":"tag-republique-francaise"},"share_on_mastodon":{"url":"https:\/\/pubeurope.com\/@fr\/115828626752066081","error":""},"_links":{"self":[{"href":"https:\/\/www.europesays.com\/fr\/wp-json\/wp\/v2\/posts\/637359","targetHints":{"allow":["GET"]}}],"collection":[{"href":"https:\/\/www.europesays.com\/fr\/wp-json\/wp\/v2\/posts"}],"about":[{"href":"https:\/\/www.europesays.com\/fr\/wp-json\/wp\/v2\/types\/post"}],"author":[{"embeddable":true,"href":"https:\/\/www.europesays.com\/fr\/wp-json\/wp\/v2\/users\/2"}],"replies":[{"embeddable":true,"href":"https:\/\/www.europesays.com\/fr\/wp-json\/wp\/v2\/comments?post=637359"}],"version-history":[{"count":0,"href":"https:\/\/www.europesays.com\/fr\/wp-json\/wp\/v2\/posts\/637359\/revisions"}],"wp:featuredmedia":[{"embeddable":true,"href":"https:\/\/www.europesays.com\/fr\/wp-json\/wp\/v2\/media\/637360"}],"wp:attachment":[{"href":"https:\/\/www.europesays.com\/fr\/wp-json\/wp\/v2\/media?parent=637359"}],"wp:term":[{"taxonomy":"category","embeddable":true,"href":"https:\/\/www.europesays.com\/fr\/wp-json\/wp\/v2\/categories?post=637359"},{"taxonomy":"post_tag","embeddable":true,"href":"https:\/\/www.europesays.com\/fr\/wp-json\/wp\/v2\/tags?post=637359"}],"curies":[{"name":"wp","href":"https:\/\/api.w.org\/{rel}","templated":true}]}}