{"id":637361,"date":"2026-01-03T01:43:13","date_gmt":"2026-01-03T01:43:13","guid":{"rendered":"https:\/\/www.europesays.com\/fr\/637361\/"},"modified":"2026-01-03T01:43:13","modified_gmt":"2026-01-03T01:43:13","slug":"previsions-du-samedi-3-janvier-2026-3","status":"publish","type":"post","link":"https:\/\/www.europesays.com\/fr\/637361\/","title":{"rendered":"pr\u00e9visions du samedi 3 janvier 2026"},"content":{"rendered":"<p>Aujourd&rsquo;hui, le vent va progressivement chasser les nuages \u00e0 Bordeaux. L&rsquo;hiver se fait sentir : les valeurs s&rsquo;\u00e9chelonneront entre -1 et 6\u00b0C. Un vent de nord-est soufflera l\u00e9g\u00e8rement. Les Bordelais vont avoir froid le matin : les temp\u00e9ratures ne vont pas d\u00e9passer 4\u00b0C. Les Bordelais vont avoir froid l&rsquo;apr\u00e8s-midi : les temp\u00e9ratures ne vont pas d\u00e9passer 6\u00b0C. L&rsquo;hiver s&rsquo;est d\u00e9finitivement install\u00e9 puisque les temp\u00e9ratures s&rsquo;\u00e9chelonneront de 1 \u00e0 6\u00b0C. Le ciel sera relativement lumineux, avec quelques \u00e9claircies le soir. Les temp\u00e9ratures seront de 0\u00b0C. On passera de samedi \u00e0 dimanche par une nuit claire.<\/p>\n<p>Demain, un important soleil rayonnera sur Bordeaux. Une diminution des temp\u00e9ratures, en accord avec la p\u00e9riode hivernale, est \u00e0 craindre. Il va faire en moyenne 1\u00b0C. Une modeste brise de nord-est sera ressentie par les habitants. Les Bordelais vont avoir froid le matin : les temp\u00e9ratures ne vont pas d\u00e9passer 2\u00b0C. Demain apr\u00e8s-midi, c&rsquo;est une hausse de quelques degr\u00e9s que vont conna\u00eetre les temp\u00e9ratures. Les maximales atteindront les 4\u00b0C alors que les minimales seront de 0\u00b0C : un temps de saison. On annonce une embellie pour cette soir\u00e9e.<\/p>\n<p>Les conditions m\u00e9t\u00e9orologiques des journ\u00e9es qui suivent vont changer peu \u00e0 peu. Apr\u00e8s des conditions m\u00e9t\u00e9orologiques similaires lundi, la situation changera mardi.<\/p>\n<p><\/p>\n","protected":false},"excerpt":{"rendered":"Aujourd&rsquo;hui, le vent va progressivement chasser les nuages \u00e0 Bordeaux. L&rsquo;hiver se fait sentir : les valeurs s&rsquo;\u00e9chelonneront&hellip;\n","protected":false},"author":2,"featured_media":637362,"comment_status":"","ping_status":"","sticky":false,"template":"","format":"standard","meta":{"footnotes":""},"categories":[2817],"tags":[1111,11,1997,1777,674,1011,27,12,2219,2119,25],"class_list":{"0":"post-637361","1":"post","2":"type-post","3":"status-publish","4":"format-standard","5":"has-post-thumbnail","7":"category-bordeaux","8":"tag-actu","9":"tag-actualites","10":"tag-bordeaux","11":"tag-eu","12":"tag-europe","13":"tag-fr","14":"tag-france","15":"tag-news","16":"tag-nouvelle-aquitaine","17":"tag-previsions-meteo","18":"tag-republique-francaise"},"share_on_mastodon":{"url":"https:\/\/pubeurope.com\/@fr\/115828634635288957","error":""},"_links":{"self":[{"href":"https:\/\/www.europesays.com\/fr\/wp-json\/wp\/v2\/posts\/637361","targetHints":{"allow":["GET"]}}],"collection":[{"href":"https:\/\/www.europesays.com\/fr\/wp-json\/wp\/v2\/posts"}],"about":[{"href":"https:\/\/www.europesays.com\/fr\/wp-json\/wp\/v2\/types\/post"}],"author":[{"embeddable":true,"href":"https:\/\/www.europesays.com\/fr\/wp-json\/wp\/v2\/users\/2"}],"replies":[{"embeddable":true,"href":"https:\/\/www.europesays.com\/fr\/wp-json\/wp\/v2\/comments?post=637361"}],"version-history":[{"count":0,"href":"https:\/\/www.europesays.com\/fr\/wp-json\/wp\/v2\/posts\/637361\/revisions"}],"wp:featuredmedia":[{"embeddable":true,"href":"https:\/\/www.europesays.com\/fr\/wp-json\/wp\/v2\/media\/637362"}],"wp:attachment":[{"href":"https:\/\/www.europesays.com\/fr\/wp-json\/wp\/v2\/media?parent=637361"}],"wp:term":[{"taxonomy":"category","embeddable":true,"href":"https:\/\/www.europesays.com\/fr\/wp-json\/wp\/v2\/categories?post=637361"},{"taxonomy":"post_tag","embeddable":true,"href":"https:\/\/www.europesays.com\/fr\/wp-json\/wp\/v2\/tags?post=637361"}],"curies":[{"name":"wp","href":"https:\/\/api.w.org\/{rel}","templated":true}]}}