{"id":637365,"date":"2026-01-03T01:45:26","date_gmt":"2026-01-03T01:45:26","guid":{"rendered":"https:\/\/www.europesays.com\/fr\/637365\/"},"modified":"2026-01-03T01:45:26","modified_gmt":"2026-01-03T01:45:26","slug":"apres-sa-large-victoire-contre-toulouse-lens-sacre-champion-dautomne","status":"publish","type":"post","link":"https:\/\/www.europesays.com\/fr\/637365\/","title":{"rendered":"Apr\u00e8s sa large victoire contre Toulouse, Lens sacr\u00e9 champion d\u2019automne"},"content":{"rendered":"<p>Le <a href=\"https:\/\/www.20minutes.fr\/sport\/rc_lens\/\" target=\"_blank\" class=\"c-link c-link--is-underlined\" rel=\"noopener\">RC Lens<\/a> a confirm\u00e9 sa solidit\u00e9 en s\u2019imposant nettement sur la pelouse du <a href=\"https:\/\/www.20minutes.fr\/sport\/tfc\/\" target=\"_blank\" class=\"c-link c-link--is-underlined\" rel=\"noopener\">Toulouse FC<\/a> (3-0), vendredi soir, en match avanc\u00e9 de la 17e journ\u00e9e de <a href=\"https:\/\/www.20minutes.fr\/sport\/ligue-1\/\" target=\"_blank\" class=\"c-link c-link--is-underlined\" rel=\"noopener\">Ligue 1<\/a>. Ce succ\u00e8s permet aux Lensois d\u2019\u00eatre assur\u00e9s de terminer la phase aller en t\u00eate du championnat et de d\u00e9crocher le titre honorifique de champion d\u2019automne, ind\u00e9pendamment du r\u00e9sultat du <a href=\"https:\/\/www.20minutes.fr\/sport\/psg\/\" target=\"_blank\" class=\"c-link c-link--is-underlined\" rel=\"noopener\">Paris Saint-Germain<\/a> face au Paris FC.<\/p>\n<p>Solide leader depuis le 30\u00a0novembre, Lens a encha\u00een\u00e9 une septi\u00e8me victoire cons\u00e9cutive et d\u00e9bute l\u2019ann\u00e9e\u00a02026 dans la continuit\u00e9 de sa fin de saison pr\u00e9c\u00e9dente. Les Nordistes sont \u00e9galement certains de conserver leur place en t\u00eate au moins jusqu\u2019\u00e0 la reprise du championnat, le prochain week-end \u00e9tant consacr\u00e9 \u00e0 la <a href=\"https:\/\/www.20minutes.fr\/sport\/coupe-de-france\/\" target=\"_blank\" class=\"c-link c-link--is-underlined\" rel=\"noopener\">Coupe de France<\/a>. Il s\u2019agit de leur quatri\u00e8me succ\u00e8s d\u2019affil\u00e9e \u00e0 l\u2019ext\u00e9rieur depuis la d\u00e9faite conc\u00e9d\u00e9e \u00e0 Metz fin octobre.<\/p>\n<\/p>\n<p>Plus d\u2019une heure de sup\u00e9riorit\u00e9 num\u00e9rique<\/p>\n<p>La rencontre a longtemps \u00e9t\u00e9 \u00e9quilibr\u00e9e, les deux \u00e9quipes \u00e9voluant dans un syst\u00e8me similaire en 3-5-2, avant de basculer apr\u00e8s l\u2019exclusion d\u2019Emersonn pour un tacle dangereux. En sup\u00e9riorit\u00e9 num\u00e9rique durant plus d\u2019une heure, Lens a progressivement impos\u00e9 sa ma\u00eetrise sans parvenir \u00e0 concr\u00e9tiser avant la pause, malgr\u00e9 quelques situations dangereuses repouss\u00e9es par le gardien toulousain.<\/p>\n<p><a href=\"https:\/\/www.20minutes.fr\/sport\/ligue-1\/\" target=\"_blank\" class=\"c-link c-btn c-btn--primary\" rel=\"noopener\">Toute l&rsquo;actualit\u00e9 de la Ligue 1<\/a><\/p>\n<p>La diff\u00e9rence s\u2019est faite en seconde p\u00e9riode avec l\u2019ouverture du score de Wesley Sa\u00efd, suivie d\u2019un but d\u2019Adrien Thomasson puis d\u2019une r\u00e9alisation de Pierre Ganiou dans le temps additionnel. Toulouse, pourtant sur une dynamique positive auparavant, prolonge sa s\u00e9rie n\u00e9gative \u00e0 domicile face aux Sang et Or, qu\u2019il n\u2019a plus battus depuis quinze ans. Lens se rendra samedi prochain \u00e0 <a href=\"https:\/\/www.20minutes.fr\/dossier\/fc_sochaux\" target=\"_blank\" class=\"c-link c-link--is-underlined\" rel=\"noopener\">Sochaux<\/a>, en seizi\u00e8me de finale de la Coupe de France, avec l\u2019objectif de maintenir cette dynamique.<\/p>\n","protected":false},"excerpt":{"rendered":"Le RC Lens a confirm\u00e9 sa solidit\u00e9 en s\u2019imposant nettement sur la pelouse du Toulouse FC (3-0), vendredi&hellip;\n","protected":false},"author":2,"featured_media":637366,"comment_status":"","ping_status":"","sticky":false,"template":"","format":"standard","meta":{"footnotes":""},"categories":[2816],"tags":[1111,11,3233,83,1777,674,63,1011,27,66,12,2680,2332,2264,25,517,2312,4159],"class_list":{"0":"post-637365","1":"post","2":"type-post","3":"status-publish","4":"format-standard","5":"has-post-thumbnail","7":"category-toulouse","8":"tag-actu","9":"tag-actualites","10":"tag-championnat","11":"tag-coupe-de-france","12":"tag-eu","13":"tag-europe","14":"tag-football","15":"tag-fr","16":"tag-france","17":"tag-ligue-1","18":"tag-news","19":"tag-occitanie","20":"tag-paris-saint-germain-psg","21":"tag-rc-lens","22":"tag-republique-francaise","23":"tag-sport","24":"tag-toulouse","25":"tag-toulouse-football-club-tfc"},"share_on_mastodon":{"url":"https:\/\/pubeurope.com\/@fr\/115828642474631034","error":""},"_links":{"self":[{"href":"https:\/\/www.europesays.com\/fr\/wp-json\/wp\/v2\/posts\/637365","targetHints":{"allow":["GET"]}}],"collection":[{"href":"https:\/\/www.europesays.com\/fr\/wp-json\/wp\/v2\/posts"}],"about":[{"href":"https:\/\/www.europesays.com\/fr\/wp-json\/wp\/v2\/types\/post"}],"author":[{"embeddable":true,"href":"https:\/\/www.europesays.com\/fr\/wp-json\/wp\/v2\/users\/2"}],"replies":[{"embeddable":true,"href":"https:\/\/www.europesays.com\/fr\/wp-json\/wp\/v2\/comments?post=637365"}],"version-history":[{"count":0,"href":"https:\/\/www.europesays.com\/fr\/wp-json\/wp\/v2\/posts\/637365\/revisions"}],"wp:featuredmedia":[{"embeddable":true,"href":"https:\/\/www.europesays.com\/fr\/wp-json\/wp\/v2\/media\/637366"}],"wp:attachment":[{"href":"https:\/\/www.europesays.com\/fr\/wp-json\/wp\/v2\/media?parent=637365"}],"wp:term":[{"taxonomy":"category","embeddable":true,"href":"https:\/\/www.europesays.com\/fr\/wp-json\/wp\/v2\/categories?post=637365"},{"taxonomy":"post_tag","embeddable":true,"href":"https:\/\/www.europesays.com\/fr\/wp-json\/wp\/v2\/tags?post=637365"}],"curies":[{"name":"wp","href":"https:\/\/api.w.org\/{rel}","templated":true}]}}