{"id":637368,"date":"2026-01-03T01:48:12","date_gmt":"2026-01-03T01:48:12","guid":{"rendered":"https:\/\/www.europesays.com\/fr\/637368\/"},"modified":"2026-01-03T01:48:12","modified_gmt":"2026-01-03T01:48:12","slug":"le-jeune-homme-ligote-une-balle-dans-la-tete-ce-que-lon-sait","status":"publish","type":"post","link":"https:\/\/www.europesays.com\/fr\/637368\/","title":{"rendered":"le jeune homme ligot\u00e9, une balle dans la t\u00eate\u2026 ce que l\u2019on sait"},"content":{"rendered":"<p>Il n\u2019aura fallu attendre que 23 h pour qu\u2019un nouveau mort, vraisemblablement sur fond de narcobanditisme, ouvre le macabre d\u00e9compte \u00e0 Marseille pour l\u2019ann\u00e9e\u00a02026. Il \u00e9tait en effet 23\u00a0h\u00a020, ce jeudi 1er\u00a0janvier, lorsque des riverains d\u2019une rue pavillonnaire des Arnavaux, dans le 14e arrondissement, ont alert\u00e9 les secours apr\u00e8s avoir entendu une explosion et per\u00e7u la lueur d\u2019un incendie.<\/p>\n<p>\u00c0 l\u2019arriv\u00e9e des marins-pompiers, une voiture \u00e9tait toujours en train de br\u00fbler, au beau milieu de la petite avenue des Arnavaux. Sit\u00f4t les flammes \u00e9teintes, l\u2019ouverture du coffre de cette Peugeot 3008 a une nouvelle fois r\u00e9serv\u00e9 une surprise macabre. <a href=\"https:\/\/www.laprovence.com\/article\/faits-divers-justice\/2176467447071715\/un-corps-retrouve-dans-le-coffre-dune-voiture-incendiee-a-marseille\" target=\"_blank\" rel=\"noopener\">Le corps d\u2019un jeune homme carbonis\u00e9 gisait \u00e0 l\u2019int\u00e9rieur<\/a> du v\u00e9hicule, qui n\u2019a pas totalement br\u00fbl\u00e9.<\/p>\n<p>Ligot\u00e9 avec une balle dans la t\u00eate<\/p>\n<p>Selon nos informations, la victime, toujours en cours d\u2019identification, pourrait \u00eatre un adolescent \u00e2g\u00e9 de 17\u00a0ans.<\/p>\n<p>Lors des premi\u00e8res constatations sur la sc\u00e8ne de crime, les techniciens de la police scientifique et les enqu\u00eateurs de la brigade criminelle de la Division de la criminalit\u00e9 organis\u00e9e et sp\u00e9cialis\u00e9e (DCOS) ont d\u00e9couvert que le jeune homme avait les mains attach\u00e9es. Il portait en outre la trace d\u2019au moins un impa&#8230;<\/p>\n","protected":false},"excerpt":{"rendered":"Il n\u2019aura fallu attendre que 23 h pour qu\u2019un nouveau mort, vraisemblablement sur fond de narcobanditisme, ouvre le&hellip;\n","protected":false},"author":2,"featured_media":637369,"comment_status":"","ping_status":"","sticky":false,"template":"","format":"standard","meta":{"footnotes":""},"categories":[2814],"tags":[5734,1111,11,6725,1446,1777,674,274,1312,1011,27,884,12,882,25,4256,96,4752],"class_list":{"0":"post-637368","1":"post","2":"type-post","3":"status-publish","4":"format-standard","5":"has-post-thumbnail","7":"category-marseille","8":"tag-5734","9":"tag-actu","10":"tag-actualites","11":"tag-corps","12":"tag-dans","13":"tag-eu","14":"tag-europe","15":"tag-faits-divers-justice","16":"tag-feu","17":"tag-fr","18":"tag-france","19":"tag-marseille","20":"tag-news","21":"tag-provence-alpes-cote-dazur","22":"tag-republique-francaise","23":"tag-retrouve","24":"tag-une","25":"tag-voiture"},"share_on_mastodon":{"url":"https:\/\/pubeurope.com\/@fr\/115828654285547418","error":""},"_links":{"self":[{"href":"https:\/\/www.europesays.com\/fr\/wp-json\/wp\/v2\/posts\/637368","targetHints":{"allow":["GET"]}}],"collection":[{"href":"https:\/\/www.europesays.com\/fr\/wp-json\/wp\/v2\/posts"}],"about":[{"href":"https:\/\/www.europesays.com\/fr\/wp-json\/wp\/v2\/types\/post"}],"author":[{"embeddable":true,"href":"https:\/\/www.europesays.com\/fr\/wp-json\/wp\/v2\/users\/2"}],"replies":[{"embeddable":true,"href":"https:\/\/www.europesays.com\/fr\/wp-json\/wp\/v2\/comments?post=637368"}],"version-history":[{"count":0,"href":"https:\/\/www.europesays.com\/fr\/wp-json\/wp\/v2\/posts\/637368\/revisions"}],"wp:featuredmedia":[{"embeddable":true,"href":"https:\/\/www.europesays.com\/fr\/wp-json\/wp\/v2\/media\/637369"}],"wp:attachment":[{"href":"https:\/\/www.europesays.com\/fr\/wp-json\/wp\/v2\/media?parent=637368"}],"wp:term":[{"taxonomy":"category","embeddable":true,"href":"https:\/\/www.europesays.com\/fr\/wp-json\/wp\/v2\/categories?post=637368"},{"taxonomy":"post_tag","embeddable":true,"href":"https:\/\/www.europesays.com\/fr\/wp-json\/wp\/v2\/tags?post=637368"}],"curies":[{"name":"wp","href":"https:\/\/api.w.org\/{rel}","templated":true}]}}