{"id":63737,"date":"2025-04-30T06:51:09","date_gmt":"2025-04-30T06:51:09","guid":{"rendered":"https:\/\/www.europesays.com\/fr\/63737\/"},"modified":"2025-04-30T06:51:09","modified_gmt":"2025-04-30T06:51:09","slug":"les-habitants-de-grenoble-alpes-metropole-impliques-au-dela-de-la-convention-citoyenne","status":"publish","type":"post","link":"https:\/\/www.europesays.com\/fr\/63737\/","title":{"rendered":"Les habitants de Grenoble Alpes m\u00e9tropole impliqu\u00e9s au-del\u00e0 de la convention citoyenne"},"content":{"rendered":"<p>\t\tChiffres-cl\u00e9s<\/p>\n<ul>&#13;<\/p>\n<li><strong>Rythme :<\/strong> 3\u00a0r\u00e9unions et 1 \u00ab\u00a0speed meeting\u00a0\u00bb par an.<\/li>\n<p>&#13;<\/p>\n<li><strong>Mobilisation des services :<\/strong> 20\u00a0jours par an pour une\u00a0charg\u00e9e de\u00a0mission\u00a0; 25\u00a0jours de travail d\u2019agents pour la pr\u00e9paration et la participation au \u00ab\u00a0speed meeting\u00a0\u00bb.<\/li>\n<p>&#13;\n<\/ul>\n<p><strong> <\/strong> L\u2019id\u00e9e d\u2019un suivi par les citoyens \u00e9tait en germe d\u00e8s le lancement de la convention citoyenne m\u00e9tropolitaine du climat (CCMC), qui s\u2019est d\u00e9roul\u00e9e de mars \u00e0 octobre\u00a02022. \u00ab\u00a0C\u2019\u00e9tait le principal reproche fait \u00e0 la convention nationale. Nous avons donc voulu donner aux conventionnels le pouvoir de v\u00e9rifier, d\u2019\u00e9valuer et de donner leur avis\u00a0\u00bb, affirme Pascal Clouaire, vice-pr\u00e9sident charg\u00e9 de la \u00adparticipation citoyenne.<\/p>\n<p>Un comit\u00e9 de suivi a \u00e9t\u00e9 cr\u00e9\u00e9 en avril\u00a02023, dans la m\u00eame d\u00e9lib\u00e9ration ent\u00e9rinant le vote des propositions de la CCMC. Parmi une vingtaine de conventionnels volontaires, dix en sont devenus membres, selon le principe de l\u2019\u00e9lection sans candidat. \u00ab\u00a0Dans un enjeu de \u00adtransparence et d\u2019appropriation des propositions de la convention, il importait aussi d\u2019ouvrir le comit\u00e9 de &#8230;<\/p>\n<p class=\"blocCut__title\">\n\t\t\t\t\t\t\t\t\t[80% reste \u00e0 lire]\n\t\t\t\t\t\t\t<\/p>\n<p class=\"blocCut__title--type2\">Article r\u00e9serv\u00e9 aux abonn\u00e9s<\/p>\n<p class=\"blocCut__title--type3\">Gazette des Communes<\/p>\n<p class=\"blocCut__title--type2\">VOUS N&rsquo;\u00eaTES PAS ABONN\u00e9 ?<\/p>\n<p class=\"blocCut__title--type4\">D\u00e9couvrez nos formules et acc\u00e9dez aux articles en illimit\u00e9<\/p>\n<p>\t\t\t\t\t\t\t\t<a href=\"https:\/\/www.abonnement.infopro-digital.com\/la-gazette-des-communes\/formule\/1111\/CTA-P\" target=\"_blank\" class=\"btn__full buttonTypeA buttonTypeA--1\" rel=\"noopener\">Je m\u2019abonne<\/a><\/p>\n","protected":false},"excerpt":{"rendered":"Chiffres-cl\u00e9s &#13; Rythme : 3\u00a0r\u00e9unions et 1 \u00ab\u00a0speed meeting\u00a0\u00bb par an. &#13; Mobilisation des services : 20\u00a0jours par&hellip;\n","protected":false},"author":2,"featured_media":63738,"comment_status":"","ping_status":"","sticky":false,"template":"","format":"standard","meta":{"footnotes":""},"categories":[9566],"tags":[1111,47,11,2349,2430,4451,16244,1777,674,1011,27,2731,16243,12,1306,25,16245],"class_list":{"0":"post-63737","1":"post","2":"type-post","3":"status-publish","4":"format-standard","5":"has-post-thumbnail","7":"category-grenoble","8":"tag-actu","9":"tag-actualite","10":"tag-actualites","11":"tag-articles-reserves","12":"tag-auvergne-rhone-alpes","13":"tag-democratie-participative","14":"tag-democratie-locale","15":"tag-eu","16":"tag-europe","17":"tag-fr","18":"tag-france","19":"tag-grenoble","20":"tag-innovations-et-territoires","21":"tag-news","22":"tag-regions","23":"tag-republique-francaise","24":"tag-scattiaux"},"share_on_mastodon":{"url":"https:\/\/pubeurope.com\/@fr\/114425592826322354","error":""},"_links":{"self":[{"href":"https:\/\/www.europesays.com\/fr\/wp-json\/wp\/v2\/posts\/63737","targetHints":{"allow":["GET"]}}],"collection":[{"href":"https:\/\/www.europesays.com\/fr\/wp-json\/wp\/v2\/posts"}],"about":[{"href":"https:\/\/www.europesays.com\/fr\/wp-json\/wp\/v2\/types\/post"}],"author":[{"embeddable":true,"href":"https:\/\/www.europesays.com\/fr\/wp-json\/wp\/v2\/users\/2"}],"replies":[{"embeddable":true,"href":"https:\/\/www.europesays.com\/fr\/wp-json\/wp\/v2\/comments?post=63737"}],"version-history":[{"count":0,"href":"https:\/\/www.europesays.com\/fr\/wp-json\/wp\/v2\/posts\/63737\/revisions"}],"wp:featuredmedia":[{"embeddable":true,"href":"https:\/\/www.europesays.com\/fr\/wp-json\/wp\/v2\/media\/63738"}],"wp:attachment":[{"href":"https:\/\/www.europesays.com\/fr\/wp-json\/wp\/v2\/media?parent=63737"}],"wp:term":[{"taxonomy":"category","embeddable":true,"href":"https:\/\/www.europesays.com\/fr\/wp-json\/wp\/v2\/categories?post=63737"},{"taxonomy":"post_tag","embeddable":true,"href":"https:\/\/www.europesays.com\/fr\/wp-json\/wp\/v2\/tags?post=63737"}],"curies":[{"name":"wp","href":"https:\/\/api.w.org\/{rel}","templated":true}]}}