{"id":637374,"date":"2026-01-03T01:51:24","date_gmt":"2026-01-03T01:51:24","guid":{"rendered":"https:\/\/www.europesays.com\/fr\/637374\/"},"modified":"2026-01-03T01:51:24","modified_gmt":"2026-01-03T01:51:24","slug":"composition-du-turnover-devant-moins-derriere-pour-pau-a-lyon","status":"publish","type":"post","link":"https:\/\/www.europesays.com\/fr\/637374\/","title":{"rendered":"COMPOSITION. Du turnover devant, moins derri\u00e8re, pour Pau, \u00e0 Lyon"},"content":{"rendered":"<p>Du turnover \u00e9galement chez les flankers, o\u00f9 Hewat et Z\u00e9gueur suppl\u00e9ent Gorgadze (bless\u00e9) et Cr\u00e9doz (rempla\u00e7ant), tandis qu\u2019en premi\u00e8re et deuxi\u00e8me ligne Delhommel, Kaulashvili et Maximin c\u00e8dent leur place \u00e0 Rey, Etchebehere et Capelli. Le gaucher basque conna\u00eetra sa premi\u00e8re titularisation en Top 14, tandis que Valentino effectuera son bapt\u00eame du feu en championnat. Comme Th\u00e9o Attissogbe, de retour apr\u00e8s trois mois et demi, l\u2019ex-Ni\u00e7ois sera amen\u00e9 \u00e0 rentrer en cours de jeu.<\/p>\n<p>De son c\u00f4t\u00e9, le LOU sera notamment priv\u00e9 de ses ailiers Wainiqolo (suspendu) et Dumortier (bless\u00e9). Ce qui pourrait conf\u00e9rer un avantage appr\u00e9ciable, notamment dans les airs, pour les Palois. Lyon pourra en revanche compter sur le retour de Baptiste Couilloud.<\/p>\n<p><strong>PAU L\u2019\u00e9quipe\u00a0: <\/strong>Mondinat &#8211; Arfeuil, Brau-Boirie, Decron, Grandidider &#8211; (o) Desperes, (m) Robson &#8211; Isa, Hewat, Z\u00e9gueur &#8211; Capelli, Auradou &#8211; Laclayat, Rey (c), Etchebehere. <strong>Rempla\u00e7ants\u00a0:<\/strong> Delhommel, S\u00e9n\u00e9ca, Maximin, Cr\u00e9doz, Souverbie, Valentino, Attissogbe, Zabala.<\/p>\n","protected":false},"excerpt":{"rendered":"Du turnover \u00e9galement chez les flankers, o\u00f9 Hewat et Z\u00e9gueur suppl\u00e9ent Gorgadze (bless\u00e9) et Cr\u00e9doz (rempla\u00e7ant), tandis qu\u2019en&hellip;\n","protected":false},"author":2,"featured_media":637375,"comment_status":"","ping_status":"","sticky":false,"template":"","format":"standard","meta":{"footnotes":""},"categories":[1889],"tags":[1111,11,2430,1777,674,1011,27,2428,12,25],"class_list":{"0":"post-637374","1":"post","2":"type-post","3":"status-publish","4":"format-standard","5":"has-post-thumbnail","7":"category-lyon","8":"tag-actu","9":"tag-actualites","10":"tag-auvergne-rhone-alpes","11":"tag-eu","12":"tag-europe","13":"tag-fr","14":"tag-france","15":"tag-lyon","16":"tag-news","17":"tag-republique-francaise"},"share_on_mastodon":{"url":"https:\/\/pubeurope.com\/@fr\/115828666027351910","error":""},"_links":{"self":[{"href":"https:\/\/www.europesays.com\/fr\/wp-json\/wp\/v2\/posts\/637374","targetHints":{"allow":["GET"]}}],"collection":[{"href":"https:\/\/www.europesays.com\/fr\/wp-json\/wp\/v2\/posts"}],"about":[{"href":"https:\/\/www.europesays.com\/fr\/wp-json\/wp\/v2\/types\/post"}],"author":[{"embeddable":true,"href":"https:\/\/www.europesays.com\/fr\/wp-json\/wp\/v2\/users\/2"}],"replies":[{"embeddable":true,"href":"https:\/\/www.europesays.com\/fr\/wp-json\/wp\/v2\/comments?post=637374"}],"version-history":[{"count":0,"href":"https:\/\/www.europesays.com\/fr\/wp-json\/wp\/v2\/posts\/637374\/revisions"}],"wp:featuredmedia":[{"embeddable":true,"href":"https:\/\/www.europesays.com\/fr\/wp-json\/wp\/v2\/media\/637375"}],"wp:attachment":[{"href":"https:\/\/www.europesays.com\/fr\/wp-json\/wp\/v2\/media?parent=637374"}],"wp:term":[{"taxonomy":"category","embeddable":true,"href":"https:\/\/www.europesays.com\/fr\/wp-json\/wp\/v2\/categories?post=637374"},{"taxonomy":"post_tag","embeddable":true,"href":"https:\/\/www.europesays.com\/fr\/wp-json\/wp\/v2\/tags?post=637374"}],"curies":[{"name":"wp","href":"https:\/\/api.w.org\/{rel}","templated":true}]}}