{"id":637385,"date":"2026-01-03T01:58:18","date_gmt":"2026-01-03T01:58:18","guid":{"rendered":"https:\/\/www.europesays.com\/fr\/637385\/"},"modified":"2026-01-03T01:58:18","modified_gmt":"2026-01-03T01:58:18","slug":"ukraine-3-000-enfants-et-leurs-parents-evacues-des-regions-de-zaporijia-et-dnipropetrovsk","status":"publish","type":"post","link":"https:\/\/www.europesays.com\/fr\/637385\/","title":{"rendered":"Ukraine : 3.000 enfants et leurs parents \u00e9vacu\u00e9s des r\u00e9gions de Zaporijia et Dnipropetrovsk"},"content":{"rendered":"<ul class=\"jsx-862013697 ArticleChapo__List\">\n<li class=\"jsx-862013697 ArticleChapo__List_Item flex\">Les autorit\u00e9s ukrainiennes ont ordonn\u00e9 l&rsquo;\u00e9vacuation de plus de 3.000 enfants avec leurs parents d&rsquo;une quarantaine de localit\u00e9s dans les r\u00e9gions de Zaporijia et Dnipropetrovsk, o\u00f9 les forces russes ont r\u00e9alis\u00e9 des avanc\u00e9es ces derniers mois.<\/li>\n<li class=\"jsx-862013697 ArticleChapo__List_Item flex\">Retrouvez les informations du vendredi 2 janvier.<\/li>\n<\/ul>\n<p><a href=\"https:\/\/www.tf1info.fr\/actualite\/guerre-ukraine-russie-une-rencontre-donald-trump-vladimir-poutine-historique-le-vendredi-15-aout-2025-en-alaska-sans-volodymyr-zelensky-14326\/\" rel=\"noopener\" class=\"jsx-484472199 Link jsx-1428418400 jsx-554215408\" target=\"_blank\"><\/p>\n<p style=\"font-weight:400\" class=\"jsx-1837267516\">Suivez la couverture compl\u00e8te<\/p>\n<p style=\"font-weight:800\" class=\"jsx-1837267516\">Ukraine-Russie : en marge des n\u00e9gociations, les attaques russes continuent<\/p>\n<p><\/a>Minute par minute23:16<br class=\"jsx-494582681\"\/> 2 janvier 2026<\/p>\n<p>Ce live est \u00e0 pr\u00e9sent termin\u00e9.\u00a0<\/p>\n<p>Suivez nos directs du moment :VIOLATION DES TRAIT\u00c9S22:42<br class=\"jsx-494582681\"\/> 2 janvier 2026<\/p>\n<p>\u00ab\u00a0Quand on voit la Russie, qui a viol\u00e9 pr\u00e8s de 100 trait\u00e9s et accords internationaux, dire que l&rsquo;Ukraine l&rsquo;attaque, c&rsquo;est tragiquement risible !\u00a0\u00bb, estime Nicolas Tenzer, enseignant \u00e0 Sciences Po<\/p>\n<blockquote data-testid=\"EmbedTwitter\" id=\"tweet-2007178529834705238-:R3j29lkmcmj9v79m:\" class=\"jsx-aeff1a1c40f54d7a twitter-tweet flex justify-center items-center\"><p>\ud83d\udd34 \u00ab\u00a0Quand on voit la Russie, qui a viol\u00e9 pr\u00e8s de 100 trait\u00e9s et accords internationaux, dire que l&rsquo;Ukraine l&rsquo;attaque, c&rsquo;est tragiquement risible !\u00a0\u00bb, estime Nicolas Tenzer, enseignant \u00e0 Sciences Po \u25b6\ufe0f  @margothaddad sur LCI  pic.twitter.com\/qL9yqH5vxu \u2014 LCI (@LCI)  January 2, 2026<\/p><\/blockquote>\n<p>VERS UN REMPLACEMENT DU MINISTRE DE LA D\u00c9FENSE UKRAINIEN21:28<br class=\"jsx-494582681\"\/> 2 janvier 2026<\/p>\n<p>\u00ab\u00a0J&rsquo;ai d\u00e9cid\u00e9 de modifier la structure du minist\u00e8re ukrainien de la D\u00e9fense. J&rsquo;ai propos\u00e9 \u00e0 Mykha\u00eflo Fedorov le poste de nouveau ministre ukrainien de la D\u00e9fense\u00a0\u00bb, annonce Volodymyr Zelensky. L&rsquo;int\u00e9ress\u00e9, \u00e2g\u00e9 de 34 ans, occupait le poste de ministre de la Transformation num\u00e9rique depuis 2019. \u00ab\u00a0Mykha\u00eflo est tr\u00e8s impliqu\u00e9 dans les questions relatives aux drones et travaille tr\u00e8s efficacement \u00e0 la num\u00e9risation des services et processus publics\u00a0\u00bb, assure le pr\u00e9sident ukrainien.\u00a0<\/p>\n<p>AVANC\u00c9E RUSSE 19:18<br class=\"jsx-494582681\"\/> 2 janvier 2026<\/p>\n<p>Les forces russes ont r\u00e9alis\u00e9 en Ukraine leur plus forte progression l&rsquo;an dernier, \u00e0 l&rsquo;exception de 2022, selon un institut am\u00e9ricain. Fin d\u00e9cembre, Moscou contr\u00f4lait totalement ou partiellement 19,4% du territoire ukrainien.<\/p>\n<p>International<img decoding=\"async\" src=\"https:\/\/www.europesays.com\/fr\/wp-content\/uploads\/2026\/01\/guerre-en-ukraine-soldat-russe-marioupol-12-avril-2022-911cf1-0@1x.jpeg\" alt=\"Un soldat russe progresse dans le th\u00e9\u00e2tre de la ville martyre de Marioupol, o\u00f9 l'arm\u00e9e ukrainienne a fini par c\u00e9der apr\u00e8s de longues semaines de r\u00e9sistance. \" loading=\"lazy\" importance=\"low\" fetchpriority=\"low\" class=\"\" aria-hidden=\"true\"\/><\/p>\n<p>Publi\u00e9 hier \u00e0 18h27<\/p>\n<p>MOSCOU D\u00c9MENT UNE ATTAQUE SUR KHARKIV19:07<br class=\"jsx-494582681\"\/> 2 janvier 2026<\/p>\n<p>La Russie a d\u00e9menti avoir men\u00e9 une frappe sur Kharkiv, alors que les autorit\u00e9s ukrainiennes ont 19 bless\u00e9s, dont un b\u00e9b\u00e9 de six mois. Les forces russes \u00ab\u00a0n&rsquo;ont ni planifi\u00e9, ni effectu\u00e9 de frappes avec des missiles ou des moyens de destruction a\u00e9riens dans les limites de la ville\u00a0\u00bb de Kharkiv, mart\u00e8le Moscou.<\/p>\n<p>FOCUS SUR BOUDANOV 18:13<br class=\"jsx-494582681\"\/> 2 janvier 2026<\/p>\n<p>Kyrylo Boudanov est devenu ce vendredi 2 janvier le chef de cabinet de Volodymyr Zelensky, apr\u00e8s une nomination surprise \u00e0 ce poste cl\u00e9. Personnage \u00e9nigmatique, il \u00e9tait jusqu&rsquo;\u00e0 pr\u00e9sent chef du renseignement militaire. L&rsquo;homme s&rsquo;est taill\u00e9 une solide r\u00e9putation, orchestrant plusieurs op\u00e9rations sur le sol.<\/p>\n<p>International<img decoding=\"async\" src=\"https:\/\/www.europesays.com\/fr\/wp-content\/uploads\/2026\/01\/kyrylo-boudanov-2024-1f4a5c-0@1x.jpeg\" alt=\"Le chef des services de renseignement militaire ukrainiens Kyrylo Boudanov au 11e Forum \u00e9conomique international de Kiev, &#10;le 16 octobre 2025.\" loading=\"lazy\" importance=\"low\" fetchpriority=\"low\" class=\"\" aria-hidden=\"true\"\/><\/p>\n<p>Publi\u00e9 hier \u00e0 17h43<\/p>\n<p>\u00c9VACUATIONS D&rsquo;ENFANTS18:09<br class=\"jsx-494582681\"\/> 2 janvier 2026<\/p>\n<p>\u00ab\u00a0En raison de la situation s\u00e9curitaire difficile, il a \u00e9t\u00e9 d\u00e9cid\u00e9 d&rsquo;\u00e9vacuer de force plus de 3.000 enfants et leurs parents de 44 localit\u00e9s situ\u00e9es en premi\u00e8re ligne dans les r\u00e9gions de Zaporijia et de Dnipropetrovsk\u00a0\u00bb, indique le ministre ukrainien de la Reconstruction Oleksi\u00ef Kouleba. Pour rappel, les troupes russes ont r\u00e9alis\u00e9 des avanc\u00e9es importantes ces derniers mois.\u00a0<\/p>\n<p>\u00ab\u00a0Au total, 150.000 personnes ont \u00e9t\u00e9 \u00e9vacu\u00e9es des zones de front vers des r\u00e9gions plus s\u00fbres depuis le 1er juin (2025). Parmi elles, on compte pr\u00e8s de 18.000 enfants\u00a0\u00bb, pr\u00e9cise le ministre.\u00a0<\/p>\n<p>FRAPPES SUR KHARKIV16:42<br class=\"jsx-494582681\"\/> 2 janvier 2026<\/p>\n<p>Au moins 19 personnes ont \u00e9t\u00e9 bless\u00e9es vendredi \u00e0 Kharkiv, dans le nord-est de l&rsquo;Ukraine, lors d&rsquo;une frappe russe sur un immeuble r\u00e9sidentiel du centre-ville, indiquent les autorit\u00e9s ukrainiennes vendredi. Parmi les victimes, un b\u00e9b\u00e9 de six mois et des personnes \u00e2g\u00e9es de 20 \u00e0 70 ans, d\u00e9taille le gouverneur r\u00e9gional Oleg Synegoubov. \u00ab\u00a0Presque toutes ont subi des blessures dues \u00e0 l&rsquo;explosion et des blessures caus\u00e9es par des \u00e9clats de verre\u00a0\u00bb, ajoute-t-il.\u00a0<\/p>\n<p>Un journaliste de l&rsquo;AFP \u00e0 Kharkiv a pu voir sur place une rue recouverte de d\u00e9bris et de gravats d&rsquo;o\u00f9 s&rsquo;\u00e9chappent encore des flammes, et des immeubles aux vitres enti\u00e8rement souffl\u00e9es.<\/p>\n<p>FORTE AVANC\u00c9E16:26<br class=\"jsx-494582681\"\/> 2 janvier 2026<\/p>\n<p>Les forces russes ont r\u00e9alis\u00e9 en Ukraine leur plus forte progression l&rsquo;an dernier, \u00e0 l&rsquo;exception de 2022, selon l&rsquo;analyse par l&rsquo;AFP des donn\u00e9es de l&rsquo;Institut am\u00e9ricain pour l&rsquo;\u00e9tude de la guerre (ISW), qui travaille avec le Critical Threats Project (CTP), deux centres de r\u00e9flexion am\u00e9ricains sp\u00e9cialis\u00e9s dans l&rsquo;\u00e9tude des conflits.<\/p>\n<p>La Russie s&rsquo;est empar\u00e9e de plus de 5.600 km2 de territoire, soit davantage que les ann\u00e9es 2024 et 2023 r\u00e9unies, selon ces donn\u00e9es. Cela repr\u00e9sente 0,94% de la superficie de l&rsquo;Ukraine.<\/p>\n<p>FAUSSE MORT 14:58<br class=\"jsx-494582681\"\/> 2 janvier 2026<\/p>\n<p>Les services de renseignement ukrainiens ont faussement annonc\u00e9 la mort d&rsquo;un officier russe combattant aux c\u00f4t\u00e9s de Kiev. Ils ont r\u00e9ussi un coup triple avec cette op\u00e9ration. L&rsquo;analyse de Jean-Antoine Duprat, g\u00e9opolitologue, sur LCI.<\/p>\n<p>International<\/p>\n<p>VU SUR LCI<\/p>\n<p><img decoding=\"async\" src=\"https:\/\/www.europesays.com\/fr\/wp-content\/uploads\/2026\/01\/denis-kapoustine-rdk-1-1-2026-820ce1-0@1x.jpeg\" alt=\"Denis Kapoustine, commandant du Corps des volontaires russes (RDK) en Ukraine, le 1er janvier 2026.\" loading=\"lazy\" importance=\"low\" fetchpriority=\"low\" class=\"\" aria-hidden=\"true\"\/><\/p>\n<p>Publi\u00e9 hier \u00e0 14h32<\/p>\n<p>BOUDANOV REMPLACE IERMAK AUPR\u00c8S DE ZELENSKY13:14<br class=\"jsx-494582681\"\/> 2 janvier 2026<\/p>\n<p>Le pr\u00e9sident ukrainien Volodymyr Zelensky a annonc\u00e9 vendredi avoir choisi le chef du renseignement militaire Kyrylo Boudanov, r\u00e9put\u00e9 pour avoir orchestr\u00e9 de retentissantes op\u00e9rations contre la Russie, pour diriger son administration.<\/p>\n<p>\u00ab\u00a0J&rsquo;ai rencontr\u00e9 Kyrylo Boudanov et lui ai propos\u00e9 de prendre la t\u00eate du cabinet pr\u00e9sidentiel\u00a0\u00bb, a \u00e9crit M. Zelensky sur les r\u00e9seaux sociaux. Le pr\u00e9c\u00e9dent chef de son administration, Andri\u00ef Iermak, tr\u00e8s influent, avait quitt\u00e9 son poste fin novembre \u00e0 la suite d&rsquo;un scandale de corruption au sein du gouvernement.<\/p>\n<p>KIEV ASSURE FRAPPER SEULEMENT DES \u00ab\u00a0CIBLES MILITAIRES\u00a0\u00bb10:18<br class=\"jsx-494582681\"\/> 2 janvier 2026<\/p>\n<p>Kiev frappe uniquement des \u00ab\u00a0cibles militaires\u00a0\u00bb russes, a d\u00e9clar\u00e9 vendredi \u00e0 l&rsquo;AFP un porte-parole de l&rsquo;arm\u00e9e ukrainienne apr\u00e8s que Moscou a accus\u00e9 Kiev d&rsquo;avoir tu\u00e9 27 civils lors d&rsquo;une frappe de drones sur un caf\u00e9 et un h\u00f4tel dans une zone occup\u00e9e du sud de l&rsquo;Ukraine.<\/p>\n<p>\u00ab\u00a0Les Forces de d\u00e9fense de l&rsquo;Ukraine respectent les normes du droit international humanitaire et frappent exclusivement des cibles militaires ennemies\u00a0\u00bb, a d\u00e9clar\u00e9 \u00e0 l&rsquo;AFP le porte-parole de l&rsquo;\u00e9tat-major, Dmytro Lykhoviy. Selon un nouveau bilan vendredi des autorit\u00e9s russes, 27 personnes parmi lesquelles deux enfants ont \u00e9t\u00e9 tu\u00e9es.<\/p>\n<p>NUIT DU NOUVEL AN06:08<br class=\"jsx-494582681\"\/> 2 janvier 2026<\/p>\n<p>La Russie a accus\u00e9 jeudi l&rsquo;Ukraine d&rsquo;avoir men\u00e9 pendant la nuit du Nouvel An une attaque de drones dans la r\u00e9gion de Kherson ayant fait au moins 24 morts, tandis que Kiev a fait \u00e9tat de plus de 200 drones russes lanc\u00e9s contre ses infrastructures \u00e9nerg\u00e9tiques.<\/p>\n<p>Ces attaques, d\u00e8s les premi\u00e8res heures de 2026, ont eu lieu alors que l&rsquo;issue des pourparlers en cours pour mettre fin au conflit est toujours incertaine. De nouvelles rencontres diplomatiques sont notamment attendues samedi et mardi.<\/p>\n<p>BONJOUR06:08<br class=\"jsx-494582681\"\/> 2 janvier 2026<\/p>\n<p>Bienvenue dans ce direct consacr\u00e9 \u00e0 l&rsquo;actualit\u00e9 de la guerre en Ukraine, d\u00e9but\u00e9e il y a plus de trois ans apr\u00e8s l&rsquo;invasion des troupes russes de Vladimir Poutine. Retrouvez ici, tout au long de la journ\u00e9e, les derni\u00e8res informations, mais aussi les \u00e9clairages de nos experts et envoy\u00e9s sp\u00e9ciaux.<\/p>\n<p data-module=\"article-paragraph\" class=\"jsx-157965717 Paragraph\">Moscou a accus\u00e9 Kiev d&rsquo;avoir men\u00e9 pendant la nuit du Nouvel An une attaque de drones dans la r\u00e9gion de Kherson ayant fait au moins 24 morts, tandis que Kiev a fait \u00e9tat de plus de 200 drones russes lanc\u00e9s contre ses infrastructures \u00e9nerg\u00e9tiques. Ces attaques, d\u00e8s les premi\u00e8res heures de 2026, ont eu lieu alors que l&rsquo;issue des pourparlers en cours pour mettre fin au conflit est toujours incertaine. De nouvelles rencontres diplomatiques sont notamment attendues samedi <a href=\"https:\/\/www.tf1info.fr\/international\/guerre-en-ukraine-allocution-emmanuel-macron-la-coalition-des-volontaires-se-reunira-le-6-janvier-a-paris-2415976.html\" target=\"_blank\" rel=\"noopener\">et mardi<\/a>.<\/p>\n<p data-module=\"article-paragraph\" class=\"jsx-157965717 Paragraph Paragraph__End\">Dans la partie de la r\u00e9gion ukrainienne de Kherson contr\u00f4l\u00e9e par l&rsquo;arm\u00e9e russe, Moscou a affirm\u00e9 que Kiev avait attaqu\u00e9 avec des drones un caf\u00e9 et un h\u00f4tel dans le village de Khorly, situ\u00e9 au bord de la mer Noire, pendant les c\u00e9l\u00e9brations du nouvel an.<\/p>\n<p data-module=\"article-paragraph\" class=\"jsx-157965717 Paragraph\">Le gouverneur de la r\u00e9gion de Kherson nomm\u00e9 par Moscou, Vladimir Saldo, a affirm\u00e9 sur Telegram qu&rsquo;au moins 24 personnes avaient \u00e9t\u00e9 tu\u00e9es et des \u00ab\u00a0dizaines d&rsquo;autres\u00a0\u00bb bless\u00e9es. Il a \u00e9galement publi\u00e9 des images o\u00f9 sont visibles plusieurs cadavres carbonis\u00e9s.<\/p>\n<p data-module=\"article-paragraph\" class=\"jsx-157965717 Paragraph Paragraph__End\">La diplomatie russe a accus\u00e9 Kiev de <a href=\"https:\/\/www.tf1info.fr\/international\/guerre-ukraine-russie-kiev-accusee-d-avoir-attaque-une-residence-de-poutine-l-ombre-du-false-flag-cette-ruse-prisee-par-moscou-2415680.html\" target=\"_blank\" rel=\"noopener\">\u00ab\u00a0torpiller consciemment toute tentative de recherche de solutions pacifiques au conflit\u00a0\u00bb<\/a> en menant ses attaques de drones. Les autorit\u00e9s ukrainiennes n&rsquo;ont pour l&rsquo;heure pas r\u00e9agi \u00e0 ces accusations.\u00a0<\/p>\n<p><a href=\"https:\/\/www.tf1info.fr\/international\/guerre-en-ukraine-allocution-emmanuel-macron-la-coalition-des-volontaires-se-reunira-le-6-janvier-a-paris-2415976.html\" rel=\"noopener\" class=\"jsx-3308031228 Link flex\" target=\"_blank\"><img decoding=\"async\" src=\"https:\/\/www.europesays.com\/fr\/wp-content\/uploads\/2026\/01\/allocution-emmanuel-macron-31-decembre-2025-6eaeb7-0@1x.jpeg\" alt=\"Quentin de Groeve \/ Hans Lucas \/ Hans Lucas via AFP\" loading=\"lazy\" importance=\"low\" fetchpriority=\"low\" class=\"\" aria-hidden=\"true\"\/><\/p>\n<p class=\"jsx-3657663356 ReadMoreArticle__Title\">Lire aussi<\/p>\n<p class=\"jsx-3657663356\">Guerre en Ukraine : la coalition des volontaires se r\u00e9unira le 6 janvier \u00e0 Paris<\/p>\n<p><\/a><\/p>\n<p data-module=\"article-paragraph\" class=\"jsx-157965717 Paragraph\">Pour sa part, le pr\u00e9sident ukrainien, Volodymyr Zelensky, a accus\u00e9 jeudi la Russie d&rsquo;entamer la nouvelle ann\u00e9e \u00ab\u00a0en poursuivant la guerre\u00a0\u00bb <a href=\"https:\/\/www.tf1info.fr\/international\/un-an-de-guerre-ukraine-russie-24-fevrier-2022-heure-par-heure-le-jour-ou-la-russie-de-poutine-a-lance-l-invasion-2249042.html\" target=\"_blank\" rel=\"noopener\">d\u00e9clench\u00e9e en 2022 par son attaque<\/a> \u00e0 grande \u00e9chelle de l&rsquo;Ukraine. Il affirm\u00e9 que Moscou avait lanc\u00e9 plus de 200 drones dans la nuit de nouvel an, en visant des infrastructures \u00e9nerg\u00e9tiques en Ukraine.<\/p>\n<p data-module=\"article-paragraph\" class=\"jsx-157965717 Paragraph\">Dans son allocution quotidienne, il a n\u00e9anmoins affirm\u00e9 que des rencontres pour tenter de faire avancer les n\u00e9gociations sont toujours pr\u00e9vues dans les prochains jours.<\/p>\n<p data-module=\"article-paragraph\" class=\"jsx-157965717 Paragraph Paragraph__End\"><strong>Retrouvez les derni\u00e8res informations dans le fil ci-dessus.<\/strong><\/p>\n<p>La r\u00e9daction de TF1info<\/p>\n<p><script async src=\"https:\/\/platform.twitter.com\/widgets.js\" charset=\"utf-8\"><\/script><\/p>\n","protected":false},"excerpt":{"rendered":"Les autorit\u00e9s ukrainiennes ont ordonn\u00e9 l&rsquo;\u00e9vacuation de plus de 3.000 enfants avec leurs parents d&rsquo;une quarantaine de localit\u00e9s&hellip;\n","protected":false},"author":2,"featured_media":370590,"comment_status":"","ping_status":"","sticky":false,"template":"","format":"standard","meta":{"footnotes":""},"categories":[1591],"tags":[1111,11,1921,5925,1887,1922,74270,12,1885,1886,132,220,1917,73921,133,1920],"class_list":{"0":"post-637385","1":"post","2":"type-post","3":"status-publish","4":"format-standard","5":"has-post-thumbnail","7":"category-russie","8":"tag-actu","9":"tag-actualites","10":"tag-article-video","11":"tag-conflits-et-guerre","12":"tag-federation-de-russie","13":"tag-info","14":"tag-les-attaques-russes-continuent","15":"tag-news","16":"tag-russia","17":"tag-russian-federation","18":"tag-russie","19":"tag-ukraine","20":"tag-ukraine-4-annee-de-guerre","21":"tag-ukraine-russie-en-marge-des-negociations","22":"tag-video","23":"tag-video-international"},"share_on_mastodon":{"url":"https:\/\/pubeurope.com\/@fr\/115828693997013881","error":""},"_links":{"self":[{"href":"https:\/\/www.europesays.com\/fr\/wp-json\/wp\/v2\/posts\/637385","targetHints":{"allow":["GET"]}}],"collection":[{"href":"https:\/\/www.europesays.com\/fr\/wp-json\/wp\/v2\/posts"}],"about":[{"href":"https:\/\/www.europesays.com\/fr\/wp-json\/wp\/v2\/types\/post"}],"author":[{"embeddable":true,"href":"https:\/\/www.europesays.com\/fr\/wp-json\/wp\/v2\/users\/2"}],"replies":[{"embeddable":true,"href":"https:\/\/www.europesays.com\/fr\/wp-json\/wp\/v2\/comments?post=637385"}],"version-history":[{"count":0,"href":"https:\/\/www.europesays.com\/fr\/wp-json\/wp\/v2\/posts\/637385\/revisions"}],"wp:featuredmedia":[{"embeddable":true,"href":"https:\/\/www.europesays.com\/fr\/wp-json\/wp\/v2\/media\/370590"}],"wp:attachment":[{"href":"https:\/\/www.europesays.com\/fr\/wp-json\/wp\/v2\/media?parent=637385"}],"wp:term":[{"taxonomy":"category","embeddable":true,"href":"https:\/\/www.europesays.com\/fr\/wp-json\/wp\/v2\/categories?post=637385"},{"taxonomy":"post_tag","embeddable":true,"href":"https:\/\/www.europesays.com\/fr\/wp-json\/wp\/v2\/tags?post=637385"}],"curies":[{"name":"wp","href":"https:\/\/api.w.org\/{rel}","templated":true}]}}