{"id":637386,"date":"2026-01-03T01:59:20","date_gmt":"2026-01-03T01:59:20","guid":{"rendered":"https:\/\/www.europesays.com\/fr\/637386\/"},"modified":"2026-01-03T01:59:20","modified_gmt":"2026-01-03T01:59:20","slug":"guerre-en-ukraine-la-russie-enregistre-sa-plus-forte-progression-territoriale-kiev-remanie-son-appareil-securitaire","status":"publish","type":"post","link":"https:\/\/www.europesays.com\/fr\/637386\/","title":{"rendered":"Guerre en Ukraine : La Russie enregistre sa plus forte progression territoriale, Kiev remanie son appareil s\u00e9curitaire"},"content":{"rendered":"<p class=\"mb-4 text-lg md:leading-8 break-words\"><strong>R\u00c9CAP&rsquo; &#8211; \u00ab 20 Minutes \u00bb fait le point pour vous tous les soirs sur le conflit en Ukraine. Ce vendredi 2 janvier, les bombardements se sont intensifi\u00e9s, les Russes avancent et de nouvelles discussions diplomatiques sont attendues samedi<\/strong><\/p>\n<p class=\"mb-4 text-lg md:leading-8 break-words\">Vous avez rat\u00e9 les derniers \u00e9v\u00e9nements sur la guerre en Ukraine ? 20 Minutes fait le point pour vous tous les soirs. Voici l\u2019essentiel de ce vendredi 2 janvier, au 1.409e jour du conflit.<\/p>\n<p>Le fait du jour<\/p>\n<p class=\"mb-4 text-lg md:leading-8 break-words\">Les premiers jours de 2026 ont \u00e9t\u00e9 marqu\u00e9s par une intensification des bombardements en Ukraine. La Russie accuse l\u2019arm\u00e9e ukrainienne d\u2019une attaque de drones dans la r\u00e9gion occup\u00e9e de Kherson, ayant fait 27 morts civils, tandis que <a href=\"https:\/\/www.20minutes.fr\/dossier\/kiev?at_medium=RSS%20feed&amp;at_campaign=ynews&amp;utm_source=yahoo&amp;utm_medium=rss&amp;utm_campaign=news_feed&amp;utm_content=in_article_link\" rel=\"nofollow noopener\" target=\"_blank\" data-ylk=\"slk:Kiev;elm:context_link;itc:0;sec:content-canvas\" class=\"link \">Kiev<\/a> affirme avoir vis\u00e9 une cible militaire. En repr\u00e9sailles, des frappes russes ont touch\u00e9 le centre de Kharkiv, faisant au moins 19 bless\u00e9s, dont un b\u00e9b\u00e9 et plusieurs personnes \u00e2g\u00e9es.<\/p>\n<p class=\"mb-4 text-lg md:leading-8 break-words\">De son c\u00f4t\u00e9, l\u2019arm\u00e9e russe a enregistr\u00e9 en 2025 sa plus forte progression territoriale en <a href=\"https:\/\/www.20minutes.fr\/monde\/ukraine\/?at_medium=RSS%20feed&amp;at_campaign=ynews&amp;utm_source=yahoo&amp;utm_medium=rss&amp;utm_campaign=news_feed&amp;utm_content=in_article_link\" rel=\"nofollow noopener\" target=\"_blank\" data-ylk=\"slk:Ukraine;elm:context_link;itc:0;sec:content-canvas\" class=\"link \">Ukraine<\/a> depuis la premi\u00e8re ann\u00e9e de l\u2019invasion, selon des donn\u00e9es analys\u00e9es par l\u2019AFP. Sur le terrain, les forces russes ont conquis plus de 5.600 km2 en 2025, davantage que sur les deux ann\u00e9es pr\u00e9c\u00e9dentes cumul\u00e9es, d\u2019apr\u00e8s l\u2019ISW et le Critical Threats Project. Si les gains ont ralenti en d\u00e9cembre en raison de l\u2019hiver, l\u2019offensive s\u2019est intensifi\u00e9e dans le <a href=\"https:\/\/www.20minutes.fr\/monde\/donbass\/?at_medium=RSS%20feed&amp;at_campaign=ynews&amp;utm_source=yahoo&amp;utm_medium=rss&amp;utm_campaign=news_feed&amp;utm_content=in_article_link\" rel=\"nofollow noopener\" target=\"_blank\" data-ylk=\"slk:Donbass;elm:context_link;itc:0;sec:content-canvas\" class=\"link \">Donbass<\/a>. Au total, la Russie occupe d\u00e9sormais environ 19,4 % du territoire ukrainien, dont pr\u00e8s de 1 % conquis au cours de l\u2019ann\u00e9e \u00e9coul\u00e9e.<\/p>\n<p>La d\u00e9claration du jour<\/p>\n<p class=\"mb-4 text-lg md:leading-8 break-words\">Le pr\u00e9sident ukrainien Volodymyr Zelensky a annonc\u00e9 avoir choisi Kyrylo Boudanov, chef du renseignement militaire, pour diriger l\u2019administration pr\u00e9sidentielle. Figure centrale de la lutte contre la Russie, Kyrylo Boudanov a accept\u00e9 cette mission ax\u00e9e sur la s\u00e9cur(&#8230;)<\/p>\n<p class=\"mb-4 text-lg md:leading-8 break-words\"><a href=\"https:\/\/www.20minutes.fr\/monde\/ukraine\/4194123-20260102-guerre-ukraine-russie-enregistre-plus-forte-progression-territoriale-kiev-remanie-appareil-securitaire?at_medium=RSS%20feed&amp;at_campaign=ynews&amp;utm_source=yahoo&amp;utm_medium=rss&amp;utm_campaign=news_feed&amp;utm_content=read_more_link&quot;\" rel=\"nofollow noopener\" target=\"_blank\" data-ylk=\"slk:Lire la suite sur 20minutes;elm:context_link;itc:0;sec:content-canvas\" class=\"link \">Lire la suite sur 20minutes<\/a><\/p>\n<p>\u00c0 lire aussi :<br \/><a href=\"https:\/\/www.20minutes.fr\/monde\/ukraine\/4193973-20260101-guerre-ukraine-fausse-mort-general-ukrainien-drones-nouvel-an?at_medium=RSS%20feed&amp;at_campaign=ynews&amp;utm_source=yahoo&amp;utm_medium=rss&amp;utm_campaign=news_feed&amp;utm_content=related_content_link\" rel=\"nofollow noopener\" target=\"_blank\" data-ylk=\"slk:Guerre en Ukraine : Fausse mort d\u2019un g\u00e9n\u00e9ral ukrainien et drones du nouvel an;elm:context_link;itc:0;sec:content-canvas\" class=\"link \">Guerre en Ukraine : Fausse mort d\u2019un g\u00e9n\u00e9ral ukrainien et drones du nouvel an<\/a><br \/><a href=\"https:\/\/www.20minutes.fr\/monde\/4193966-20260101-guerre-ukraine-moscou-accuse-kiev-avoir-tue-plus-20-personnes-drones-pendant-fetes-nouvel-an?at_medium=RSS%20feed&amp;at_campaign=ynews&amp;utm_source=yahoo&amp;utm_medium=rss&amp;utm_campaign=news_feed&amp;utm_content=related_content_link\" rel=\"nofollow noopener\" target=\"_blank\" data-ylk=\"slk:Guerre en Ukraine : Moscou accuse Kiev d\u2019avoir tu\u00e9 plus de 20 personnes avec des drones pendant les f\u00eates du Nouvel an;elm:context_link;itc:0;sec:content-canvas\" class=\"link \">Guerre en Ukraine : Moscou accuse Kiev d\u2019avoir tu\u00e9 plus de 20 personnes avec des drones pendant les f\u00eates du Nouvel an<\/a><\/p>\n","protected":false},"excerpt":{"rendered":"R\u00c9CAP&rsquo; &#8211; \u00ab 20 Minutes \u00bb fait le point pour vous tous les soirs sur le conflit en&hellip;\n","protected":false},"author":2,"featured_media":637387,"comment_status":"","ping_status":"","sticky":false,"template":"","format":"standard","meta":{"footnotes":""},"categories":[1590],"tags":[642,11,1777,674,2489,12,74452,2536,220],"class_list":{"0":"post-637386","1":"post","2":"type-post","3":"status-publish","4":"format-standard","5":"has-post-thumbnail","7":"category-ukraine","8":"tag-20-minutes","9":"tag-actualites","10":"tag-eu","11":"tag-europe","12":"tag-la-russie","13":"tag-news","14":"tag-renseignement-militaire","15":"tag-russes","16":"tag-ukraine"},"share_on_mastodon":{"url":"https:\/\/pubeurope.com\/@fr\/115828697570170849","error":""},"_links":{"self":[{"href":"https:\/\/www.europesays.com\/fr\/wp-json\/wp\/v2\/posts\/637386","targetHints":{"allow":["GET"]}}],"collection":[{"href":"https:\/\/www.europesays.com\/fr\/wp-json\/wp\/v2\/posts"}],"about":[{"href":"https:\/\/www.europesays.com\/fr\/wp-json\/wp\/v2\/types\/post"}],"author":[{"embeddable":true,"href":"https:\/\/www.europesays.com\/fr\/wp-json\/wp\/v2\/users\/2"}],"replies":[{"embeddable":true,"href":"https:\/\/www.europesays.com\/fr\/wp-json\/wp\/v2\/comments?post=637386"}],"version-history":[{"count":0,"href":"https:\/\/www.europesays.com\/fr\/wp-json\/wp\/v2\/posts\/637386\/revisions"}],"wp:featuredmedia":[{"embeddable":true,"href":"https:\/\/www.europesays.com\/fr\/wp-json\/wp\/v2\/media\/637387"}],"wp:attachment":[{"href":"https:\/\/www.europesays.com\/fr\/wp-json\/wp\/v2\/media?parent=637386"}],"wp:term":[{"taxonomy":"category","embeddable":true,"href":"https:\/\/www.europesays.com\/fr\/wp-json\/wp\/v2\/categories?post=637386"},{"taxonomy":"post_tag","embeddable":true,"href":"https:\/\/www.europesays.com\/fr\/wp-json\/wp\/v2\/tags?post=637386"}],"curies":[{"name":"wp","href":"https:\/\/api.w.org\/{rel}","templated":true}]}}