{"id":637388,"date":"2026-01-03T02:00:22","date_gmt":"2026-01-03T02:00:22","guid":{"rendered":"https:\/\/www.europesays.com\/fr\/637388\/"},"modified":"2026-01-03T02:00:22","modified_gmt":"2026-01-03T02:00:22","slug":"le-mali-applique-le-principe-de-reciprocite","status":"publish","type":"post","link":"https:\/\/www.europesays.com\/fr\/637388\/","title":{"rendered":"Le Mali applique le principe de r\u00e9ciprocit\u00e9"},"content":{"rendered":"<p>Le minist\u00e8re des Affaires \u00e9trang\u00e8res et de la Coop\u00e9ration internationale du Mali a annonc\u00e9, mardi, l\u2019application imm\u00e9diate de mesures de r\u00e9ciprocit\u00e9 \u00e0 l\u2019encontre des ressortissants am\u00e9ricains, en r\u00e9action au renforcement des restrictions d\u2019entr\u00e9e aux \u00c9tats-Unis visant les citoyens maliens. <\/p>\n<p>La diplomatie malienne a indiqu\u00e9, dans un communiqu\u00e9, avoir pris acte de la d\u00e9cision des autorit\u00e9s am\u00e9ricaines, dat\u00e9e du 16 d\u00e9cembre 2025, de durcir les conditions d\u2019entr\u00e9e sur le territoire des \u00c9tats-Unis pour les ressortissants du Mali. <\/p>\n<p>Le minist\u00e8re a toutefois regrett\u00e9 qu\u2019\u00abune d\u00e9cision d\u2019une telle importance ait \u00e9t\u00e9 prise sans la moindre concertation pr\u00e9alable\u00bb et a d\u00e9plor\u00e9 le motif s\u00e9curitaire invoqu\u00e9 par Washington, qu\u2019il juge \u00aben contradiction avec les \u00e9volutions r\u00e9elles sur le terrain\u00bb, estimant que la motivation de cette mesure \u00abest \u00e0 rechercher ailleurs\u00bb. <\/p>\n<p>\u00abEn application du principe de r\u00e9ciprocit\u00e9, le Gouvernement de la R\u00e9publique du Mali appliquera, avec effet imm\u00e9diat, aux ressortissants am\u00e9ricains les m\u00eames conditions et exigences que celles impos\u00e9es aux citoyens maliens\u00bb, pr\u00e9cise le communiqu\u00e9. <\/p>\n<p>Bamako a n\u00e9anmoins r\u00e9affirm\u00e9 son attachement \u00e0 la promotion de relations de coop\u00e9ration \u00abfructueuses et empreintes de respect r\u00e9ciproque\u00bb avec l\u2019ensemble de ses partenaires internationaux. <br \/>\u00a0<\/p>\n<p>  Cette r\u00e9action intervient apr\u00e8s l\u2019annonce par le pr\u00e9sident am\u00e9ricain Donald Trump, d\u2019un \u00e9largissement des mesures de restriction et de limitation de l\u2019entr\u00e9e des ressortissants \u00e9trangers aux \u00c9tats-Unis, selon une proclamation publi\u00e9e sur le site de la Maison Blanche. <\/p>\n<p>Washington justifie cette d\u00e9cision par des imp\u00e9ratifs de politique \u00e9trang\u00e8re, de s\u00e9curit\u00e9 nationale et de lutte contre le terrorisme. \u00c0 compter du 1er janvier 2026, sept nouveaux pays feront l\u2019objet d\u2019une suspension totale d\u2019entr\u00e9e sur le territoire am\u00e9ricain : le Burkina Faso, le Laos, le Mali, le Niger, la Sierra Leone, le Soudan du Sud et la Syrie. <\/p>\n<p>Les ressortissants de ces pays, qu\u2019ils soient immigrants ou non-immigrants, ne seront plus autoris\u00e9s \u00e0 entrer aux \u00c9tats-Unis. L\u2019interdiction totale visant les citoyens de douze autres pays, dont l\u2019Afghanistan, l\u2019Iran, la Libye, la Somalie et le Y\u00e9men, est par ailleurs maintenue. <\/p>\n<p>Des restrictions partielles continueront de s\u2019appliquer au Burundi, \u00e0 Cuba, au Togo et au Venezuela, tandis que celles concernant le Turkm\u00e9nistan ont \u00e9t\u00e9 modifi\u00e9es. De nouvelles limitations partielles ont \u00e9galement \u00e9t\u00e9 annonc\u00e9es pour quinze pays suppl\u00e9mentaires, parmi lesquels le B\u00e9nin, la C\u00f4te d\u2019Ivoire, le S\u00e9n\u00e9gal, le Nig\u00e9ria, la Mauritanie et la Tanzanie, en raison de \u00ablacunes en mati\u00e8re de gestion de l\u2019identit\u00e9 et de partage d\u2019informations\u00bb, selon la Maison Blanche. <\/p>\n<p>Les autorit\u00e9s am\u00e9ricaines estiment enfin que la divulgation de certains \u00e9l\u00e9ments ayant motiv\u00e9 ces d\u00e9cisions pourrait porter atteinte \u00e0 la s\u00e9curit\u00e9 nationale des \u00c9tats-Unis.<\/p>\n","protected":false},"excerpt":{"rendered":"Le minist\u00e8re des Affaires \u00e9trang\u00e8res et de la Coop\u00e9ration internationale du Mali a annonc\u00e9, mardi, l\u2019application imm\u00e9diate de&hellip;\n","protected":false},"author":2,"featured_media":637389,"comment_status":"","ping_status":"","sticky":false,"template":"","format":"standard","meta":{"footnotes":""},"categories":[1589],"tags":[11,5024,5025,5026,258,5028,1659,5029,5027,251,33,2518,73,1866,1283,1757,1393,985,12,316,104,517,5030,1864,1865,1863,308],"class_list":{"0":"post-637388","1":"post","2":"type-post","3":"status-publish","4":"format-standard","5":"has-post-thumbnail","7":"category-etats-unis","8":"tag-actualites","9":"tag-actualites-et-infos-au-maroc","10":"tag-actualites-et-infos-mondiale","11":"tag-actualites-marocaines-du-jour","12":"tag-alimentation","13":"tag-analyses","14":"tag-art-de-vivre","15":"tag-chronique","16":"tag-consommation-et-bien-etre","17":"tag-culture","18":"tag-economie","19":"tag-edito","20":"tag-etats-unis","21":"tag-etats-unis-damerique","22":"tag-etudes","23":"tag-insolite","24":"tag-loisirs","25":"tag-mode","26":"tag-news","27":"tag-politique","28":"tag-societe","29":"tag-sport","30":"tag-tribune","31":"tag-united-states","32":"tag-united-states-of-america","33":"tag-us","34":"tag-usa"},"share_on_mastodon":{"url":"https:\/\/pubeurope.com\/@fr\/115828701449962286","error":""},"_links":{"self":[{"href":"https:\/\/www.europesays.com\/fr\/wp-json\/wp\/v2\/posts\/637388","targetHints":{"allow":["GET"]}}],"collection":[{"href":"https:\/\/www.europesays.com\/fr\/wp-json\/wp\/v2\/posts"}],"about":[{"href":"https:\/\/www.europesays.com\/fr\/wp-json\/wp\/v2\/types\/post"}],"author":[{"embeddable":true,"href":"https:\/\/www.europesays.com\/fr\/wp-json\/wp\/v2\/users\/2"}],"replies":[{"embeddable":true,"href":"https:\/\/www.europesays.com\/fr\/wp-json\/wp\/v2\/comments?post=637388"}],"version-history":[{"count":0,"href":"https:\/\/www.europesays.com\/fr\/wp-json\/wp\/v2\/posts\/637388\/revisions"}],"wp:featuredmedia":[{"embeddable":true,"href":"https:\/\/www.europesays.com\/fr\/wp-json\/wp\/v2\/media\/637389"}],"wp:attachment":[{"href":"https:\/\/www.europesays.com\/fr\/wp-json\/wp\/v2\/media?parent=637388"}],"wp:term":[{"taxonomy":"category","embeddable":true,"href":"https:\/\/www.europesays.com\/fr\/wp-json\/wp\/v2\/categories?post=637388"},{"taxonomy":"post_tag","embeddable":true,"href":"https:\/\/www.europesays.com\/fr\/wp-json\/wp\/v2\/tags?post=637388"}],"curies":[{"name":"wp","href":"https:\/\/api.w.org\/{rel}","templated":true}]}}