{"id":63739,"date":"2025-04-30T06:52:09","date_gmt":"2025-04-30T06:52:09","guid":{"rendered":"https:\/\/www.europesays.com\/fr\/63739\/"},"modified":"2025-04-30T06:52:09","modified_gmt":"2025-04-30T06:52:09","slug":"cest-quoi-ce-nouveau-velo-en-libre-service-dans-la-metropole","status":"publish","type":"post","link":"https:\/\/www.europesays.com\/fr\/63739\/","title":{"rendered":"c&rsquo;est quoi ce nouveau v\u00e9lo en libre-service dans la m\u00e9tropole\u00a0?"},"content":{"rendered":"<p>            Par<br \/>\n        <strong><br \/>\n            <a href=\"https:\/\/actu.fr\/auteur\/laurene-fertin\" title=\"Consulter tous les articles de Laur\u00e8ne Fertin\" target=\"_blank\" rel=\"noopener\">Laur\u00e8ne Fertin<\/a><br \/>\n        <\/strong><\/p>\n<p>        Publi\u00e9 le<\/p>\n<p>            30 avr. 2025 \u00e0 6h32        <\/p>\n<p>Il se veut \u00eatre un <strong>v\u00e9lo-cargo \u00e9lectrique \u00ab\u2009inclusif\u2009\u00bb<\/strong>. Mobilo, de son nom, a \u00e9t\u00e9 lanc\u00e9 par <a href=\"https:\/\/actu.fr\/tag\/reseau-star\" target=\"_blank\" rel=\"noopener\">le r\u00e9seau STAR<\/a> de Rennes.<\/p>\n<p class=\" wall-content\">Ce <strong>triporteur,<\/strong> \u00ab\u2009fruit de plusieurs ann\u00e9es de d\u00e9veloppement par Joseph Mignozzi et APF Entreprise\u2009\u00bb souligne le r\u00e9seau STAR, permet <strong>aux personnes en fauteuil roulant manuel<\/strong> de pouvoir circuler \u00e0 Rennes et sa m\u00e9tropole \u00e0 v\u00e9lo.<\/p>\n<p>\u00ab\u2009Des trajets longs sans fatigue\u2009\u00bb<\/p>\n<p class=\" wall-content\">Concr\u00e8tement, Mobilo fonctionne avec <strong>un p\u00e9dalier \u00e0 mains<\/strong> (maindalier). Sa batterie \u00e9lectrique permet une autonomie<strong> jusqu\u2019\u00e0 80\u00a0km<\/strong>. \u00ab\u2009Il devient possible d\u2019envisager des trajets plus longs sans fatigue, tout en adoptant une solution de mobilit\u00e9 douce et respectueuse de l\u2019environnement\u2009\u00bb, ponctue le r\u00e9seau STAR.<\/p>\n<p class=\" wall-content\">Pour pouvoir l\u2019utiliser, il ne n\u00e9cessite <strong>pas de transfert ni d\u2019enjambement<\/strong>\u2009: le fauteuil roulant est int\u00e9gr\u00e9 directement au v\u00e9lo. Mobilo est aussi \u00e9quip\u00e9 de <strong>feux stop<\/strong> et <strong>d\u2019une marche arri\u00e8re.<\/strong><\/p>\n<p>Vid\u00e9os : en ce moment sur ActuDisponible \u00e0 la location<\/p>\n<p class=\" wall-content\">Mobilo est disponible \u00e0 la location depuis le samedi 26\u00a0avril, \u00e0 la <a href=\"https:\/\/www.google.fr\/maps\/place\/La+Maison+du+V%C3%A9lo\/@46.3666609,-3.6209398,7z\/data=!4m10!1m2!2m1!1sMaison+du+v%C3%A9lo!3m6!1s0x480ede34ffffffff:0x1db02b741261c9cf!8m2!3d48.1037802!4d-1.671387!15sCg9NYWlzb24gZHUgdsOpbG9aESIPbWFpc29uIGR1IHbDqWxvkgEWYmljeWNsZV9yZW50YWxfc2VydmljZZoBI0NoWkRTVWhOTUc5blMwVkpRMEZuU1VOeWNuRlBOMDVuRUFFqgFNEAEqEyIPbWFpc29uIGR1IHbDqWxvKAQyHxABIhvlOpDEj7r4ehc8yoZ7FUjmI8J8sRJWQMo8rDEyExACIg9tYWlzb24gZHUgdsOpbG_gAQD6AQQIABA4!16s%2Fg%2F11f3bq9d_8?entry=ttu&amp;g_ep=EgoyMDI1MDQyMy4wIKXMDSoJLDEwMjExNDUzSAFQAw%3D%3D\" target=\"_blank\" rel=\"noopener\">Maison du v\u00e9lo<\/a>. Il est possible de le louer pour des dur\u00e9es d\u2019u<strong>n, trois ou sept jours<\/strong> au m\u00eame tarif qu\u2019un v\u00e9lo-cargo classique (pour consulter les tarifs, c\u2019est <a href=\"https:\/\/www.star.fr\/titres-et-tarifs\/trouver-mon-tarif\" target=\"_blank\" rel=\"noopener\">ici<\/a>).<\/p>\n<p class=\" wall-content\">Pour cela, il existe <strong>trois options<\/strong>\u2009:<\/p>\n<ul class=\" wall-content\">\n<li>contacter la Maison du V\u00e9lo au 09\u200970\u200982\u200918\u200900\u2009;<\/li>\n<li>se rendre directement \u00e0 la Maison du v\u00e9lo\u2009;<\/li>\n<li>r\u00e9server sur le site <a href=\"https:\/\/location-velo.star.fr\/fr\/rental\/shortduration\/new_step1\" target=\"_blank\" rel=\"noopener\">star.fr<\/a>.<\/li>\n<\/ul>\n<p class=\" wall-content\">Suivez toute l\u2019actualit\u00e9 de vos villes et m\u00e9dias favoris en vous inscrivant \u00e0 <a href=\"https:\/\/moncompte.actu.fr\" title=\"D\u00e9couvez Mon Actu\" rel=\"nofollow noopener\" data-trk=\"{&quot;cta&quot;:{&quot;action&quot;:&quot;https:\\\/\\\/moncompte.actu.fr&quot;,&quot;category&quot;:&quot;mon compte&quot;,&quot;from&quot;:&quot;article footer&quot;,&quot;name&quot;:&quot;Mon actu&quot;,&quot;type&quot;:&quot;cta&quot;}}\" target=\"_blank\">Mon Actu<\/a>.<\/p>\n<ul class=\"ac-article-tag wall-content\">\n<li><a href=\"https:\/\/actu.fr\/tag\/metro-de-rennes\" data-trk=\"{&quot;cta&quot;:{&quot;action&quot;:&quot;M\\u00e9tro de Rennes&quot;,&quot;category&quot;:&quot;tag&quot;,&quot;from&quot;:&quot;article footer&quot;,&quot;name&quot;:&quot;M\\u00e9tro de Rennes&quot;,&quot;type&quot;:&quot;cta&quot;}}\" target=\"_blank\" rel=\"noopener\">#M\u00e9tro de Rennes<\/a><\/li>\n<li><a href=\"https:\/\/actu.fr\/tag\/reseau-star\" data-trk=\"{&quot;cta&quot;:{&quot;action&quot;:&quot;R\\u00e9seau STAR&quot;,&quot;category&quot;:&quot;tag&quot;,&quot;from&quot;:&quot;article footer&quot;,&quot;name&quot;:&quot;R\\u00e9seau STAR&quot;,&quot;type&quot;:&quot;cta&quot;}}\" target=\"_blank\" rel=\"noopener\">#R\u00e9seau STAR<\/a><\/li>\n<\/ul>\n","protected":false},"excerpt":{"rendered":"Par Laur\u00e8ne Fertin Publi\u00e9 le 30 avr. 2025 \u00e0 6h32 Il se veut \u00eatre un v\u00e9lo-cargo \u00e9lectrique \u00ab\u2009inclusif\u2009\u00bb.&hellip;\n","protected":false},"author":2,"featured_media":63740,"comment_status":"","ping_status":"","sticky":false,"template":"","format":"standard","meta":{"footnotes":""},"categories":[2821],"tags":[1111,11,829,1777,674,1011,27,5000,12,584,25,5001,104],"class_list":{"0":"post-63739","1":"post","2":"type-post","3":"status-publish","4":"format-standard","5":"has-post-thumbnail","7":"category-rennes","8":"tag-actu","9":"tag-actualites","10":"tag-bretagne","11":"tag-eu","12":"tag-europe","13":"tag-fr","14":"tag-france","15":"tag-metro-de-rennes","16":"tag-news","17":"tag-rennes","18":"tag-republique-francaise","19":"tag-reseau-star","20":"tag-societe"},"share_on_mastodon":{"url":"https:\/\/pubeurope.com\/@fr\/114425596718708194","error":""},"_links":{"self":[{"href":"https:\/\/www.europesays.com\/fr\/wp-json\/wp\/v2\/posts\/63739","targetHints":{"allow":["GET"]}}],"collection":[{"href":"https:\/\/www.europesays.com\/fr\/wp-json\/wp\/v2\/posts"}],"about":[{"href":"https:\/\/www.europesays.com\/fr\/wp-json\/wp\/v2\/types\/post"}],"author":[{"embeddable":true,"href":"https:\/\/www.europesays.com\/fr\/wp-json\/wp\/v2\/users\/2"}],"replies":[{"embeddable":true,"href":"https:\/\/www.europesays.com\/fr\/wp-json\/wp\/v2\/comments?post=63739"}],"version-history":[{"count":0,"href":"https:\/\/www.europesays.com\/fr\/wp-json\/wp\/v2\/posts\/63739\/revisions"}],"wp:featuredmedia":[{"embeddable":true,"href":"https:\/\/www.europesays.com\/fr\/wp-json\/wp\/v2\/media\/63740"}],"wp:attachment":[{"href":"https:\/\/www.europesays.com\/fr\/wp-json\/wp\/v2\/media?parent=63739"}],"wp:term":[{"taxonomy":"category","embeddable":true,"href":"https:\/\/www.europesays.com\/fr\/wp-json\/wp\/v2\/categories?post=63739"},{"taxonomy":"post_tag","embeddable":true,"href":"https:\/\/www.europesays.com\/fr\/wp-json\/wp\/v2\/tags?post=63739"}],"curies":[{"name":"wp","href":"https:\/\/api.w.org\/{rel}","templated":true}]}}