{"id":637392,"date":"2026-01-03T02:03:08","date_gmt":"2026-01-03T02:03:08","guid":{"rendered":"https:\/\/www.europesays.com\/fr\/637392\/"},"modified":"2026-01-03T02:03:08","modified_gmt":"2026-01-03T02:03:08","slug":"en-allemagne-le-chaos-computer-club-formalise-une-journee-de-lindependance-numerique","status":"publish","type":"post","link":"https:\/\/www.europesays.com\/fr\/637392\/","title":{"rendered":"En Allemagne, le Chaos Computer Club formalise une \u00ab Journ\u00e9e de l\u2019ind\u00e9pendance num\u00e9rique \u00bb"},"content":{"rendered":"<p>            <a href=\"https:\/\/itsocial.fr\/wp-content\/uploads\/2025\/12\/Digital-Independence-Days_01.jpg\" data-caption=\"\" target=\"_blank\" rel=\"noopener\"><img decoding=\"async\" fetchpriority=\"high\" width=\"696\" height=\"464\" class=\"entry-thumb td-modal-image\" src=\"https:\/\/www.europesays.com\/fr\/wp-content\/uploads\/2026\/01\/Digital-Independence-Days_01-696x464.jpg\"   alt=\"\" title=\"Digital-Independence-Days_01\"\/><\/a><\/p>\n<p><a href=\"https:\/\/itsocial.fr\/cybersecurite\/cybersecurite-livres-blancs\/plateforme-devaluation-de-lexposition-lb-landing-rapid7\/\" target=\"_blank\" rel=\"noopener\">&#13;<br \/>\n<img decoding=\"async\" src=\"https:\/\/www.europesays.com\/fr\/wp-content\/uploads\/2025\/10\/ban-leaderboard-rapid7.gif\" alt=\"banni\u00e8re\"\/>&#13;<br \/>\n<\/a><\/p>\n<p><strong>Le Chaos Computer Club, l\u2019un des plus anciens et des plus cr\u00e9dibles collectifs europ\u00e9ens d\u00e9di\u00e9s \u00e0 la s\u00e9curit\u00e9 et aux libert\u00e9s num\u00e9riques, a officiellement annonc\u00e9 l\u2019instauration d\u2019un Digital Independence Day. L\u2019initiative, port\u00e9e sur sc\u00e8ne par l\u2019\u00e9crivain et artiste Marc-Uwe Kling, ambitionne d\u2019installer un rendez-vous r\u00e9gulier pour r\u00e9duire la d\u00e9pendance structurelle aux grandes plateformes mondiales et encourager le recours \u00e0 des alternatives ouvertes et europ\u00e9ennes.<\/strong><\/p>\n<p>Fond\u00e9 en 1981, le Chaos Computer Club s\u2019est impos\u00e9 depuis plus de quarante ans comme un acteur majeur de la culture num\u00e9rique europ\u00e9enne, \u00e0 la fois critique, technique et citoyenne. Ses prises de position sur la surveillance de masse, les d\u00e9rives du capitalisme de plateforme ou la concentration des infrastructures num\u00e9riques ont contribu\u00e9 \u00e0 structurer le d\u00e9bat public en Allemagne puis en Europe. C\u2019est dans ce contexte qu\u2019a \u00e9t\u00e9 pr\u00e9sent\u00e9e publiquement l\u2019id\u00e9e d\u2019une \u201cJourn\u00e9e de l\u2019ind\u00e9pendance num\u00e9rique\u201d, propos\u00e9e comme un rituel mensuel, non conflictuel mais r\u00e9solument politique au sens civique du terme, pour encourager des usages plus autonomes et moins captifs.<\/p>\n<p>L\u2019initiative repose sur un principe simple, explicit\u00e9 sur sc\u00e8ne par Marc-Uwe Kling, auteur-compositeur-interpr\u00e8te, et \u00e9crivain allemand de science-fiction. Chaque premier dimanche du mois, les citoyens et organisations sont invit\u00e9s \u00e0 franchir une \u00e9tape concr\u00e8te pour se d\u00e9tacher progressivement des \u00e9cosyst\u00e8mes dominants. Cela peut signifier migrer d\u2019une messagerie propri\u00e9taire vers un service plus respectueux de la vie priv\u00e9e et de la confidentialit\u00e9, quitter une plateforme sociale ferm\u00e9e pour rejoindre un espace f\u00e9d\u00e9r\u00e9, changer de moteur de recherche, revoir son navigateur ou, plus largement, r\u00e9\u00e9valuer ses outils num\u00e9riques quotidiens. La premi\u00e8re \u00e9dition a \u00e9t\u00e9 annonc\u00e9e pour le 4 janvier.<\/p>\n<p><strong>Un objectif civique avant d\u2019\u00eatre militant<\/strong><\/p>\n<p>Le discours pr\u00e9sent\u00e9 met l\u2019accent sur un point d\u00e9sormais bien identifi\u00e9 par les chercheurs, les journalistes et les r\u00e9gulateurs europ\u00e9ens : une part consid\u00e9rable de la vie num\u00e9rique \u2013 \u00e9changes priv\u00e9s, information, culture, commerce \u2013 transite aujourd\u2019hui par des plateformes concentrant donn\u00e9es, attention et valeur \u00e9conomique. L\u2019\u00e9cosyst\u00e8me plus large du web ouvert en souffre, les liens sortants sont d\u00e9favoris\u00e9s, et les utilisateurs se retrouvent enferm\u00e9s dans des environnements techniques o\u00f9 les alternatives existent, mais restent socialement difficiles \u00e0 adopter.<\/p>\n<p>Le Chaos Computer Club ne pr\u00e9sente pas cette journ\u00e9e comme une confrontation radicale face aux acteurs am\u00e9ricains du num\u00e9rique. L\u2019initiative n\u2019est pas d\u00e9crite comme une \u00ab\u00a0r\u00e9sistance\u00a0\u00bb, mais comme une d\u00e9marche progressive d\u2019\u00e9mancipation. Elle s\u2019appuie sur trois leviers : cr\u00e9er un moment collectif identifi\u00e9 pour agir, rendre socialement valorisant le fait de changer d\u2019outil et, surtout, installer une discussion r\u00e9guli\u00e8re sur la d\u00e9pendance technologique, et pas seulement un pic d\u2019indignation ponctuelle.<\/p>\n<p>L\u2019intervention de Marc-Uwe Kling, empruntant \u00e0 son registre habituel m\u00ealant satire et critique lucide du pouvoir technologique, clarifie l\u2019enjeu politique au sens large : la captation des usages num\u00e9riques n\u2019est pas uniquement commerciale, elle devient structurelle et peut rendre des soci\u00e9t\u00e9s vuln\u00e9rables. L\u2019id\u00e9e d\u2019un Digital Independence Day vise donc \u00e0 rappeler que l\u2019autonomie num\u00e9rique n\u2019est pas une posture th\u00e9orique, mais un ensemble de d\u00e9cisions cumul\u00e9es, prises par des millions d\u2019utilisateurs, entreprises incluses.<\/p>\n<p><strong>Un mouvement dans une dynamique europ\u00e9enne plus large<\/strong><\/p>\n<p>L\u2019appel du Chaos Computer Club arrive dans un moment o\u00f9 l\u2019Europe multiplie les d\u00e9bats et les initiatives sur la souverainet\u00e9 num\u00e9rique, l\u2019ouverture des plateformes, la protection des donn\u00e9es et la diversification des fournisseurs technologiques. R\u00e9gulation des grands interm\u00e9diaires, question de l\u2019acc\u00e8s aux contenus, d\u00e9pendance aux infrastructures \u00e9trang\u00e8res, fragilit\u00e9 des alternatives locales : plusieurs chantiers convergent vers une m\u00eame interrogation : comment \u00e9viter que l\u2019\u00e9conomie num\u00e9rique ne repose sur quelques acteurs captifs tout en conservant l\u2019ouverture et la fluidit\u00e9 qui ont fait la force d\u2019Internet ?<\/p>\n<p>En donnant une date, un cadre et une m\u00e9thode, le Digital Independence Day transforme un d\u00e9bat souvent th\u00e9orique en pratique concr\u00e8te. Pour les utilisateurs, il cr\u00e9e un rep\u00e8re temporel et collectif. Pour les organisations, il peut devenir un d\u00e9clencheur utile pour r\u00e9examiner leurs outils et limiter leur exposition au verrouillage technologique.<\/p>\n<p>publicit\u00e9<br \/>\n<a href=\"https:\/\/itsocial.fr\/optimisez-lexperience-client-avec-lia-lb-download-orange\/\" target=\"_blank\" rel=\"noopener\">&#13;<br \/>\n<img decoding=\"async\" src=\"https:\/\/www.europesays.com\/fr\/wp-content\/uploads\/2026\/01\/orange-lb-experience-client-avec-ia-leader-080425.gif\" alt=\"banni\u00e8re\"\/>&#13;<br \/>\n<\/a>        <\/p>\n","protected":false},"excerpt":{"rendered":"&#13; &#13; Le Chaos Computer Club, l\u2019un des plus anciens et des plus cr\u00e9dibles collectifs europ\u00e9ens d\u00e9di\u00e9s \u00e0&hellip;\n","protected":false},"author":2,"featured_media":637393,"comment_status":"","ping_status":"","sticky":false,"template":"","format":"standard","meta":{"footnotes":""},"categories":[1587],"tags":[11,672,1804,74453,1805,1803,1777,674,1801,19629,74454,12,8088,1802,30815,10532,60280],"class_list":{"0":"post-637392","1":"post","2":"type-post","3":"status-publish","4":"format-standard","5":"has-post-thumbnail","7":"category-allemagne","8":"tag-actualites","9":"tag-allemagne","10":"tag-bundesrepublik-deutschland","11":"tag-chaos-computer-club","12":"tag-de","13":"tag-deutschland","14":"tag-eu","15":"tag-europe","16":"tag-germany","17":"tag-gouvernance","18":"tag-independance-numerique","19":"tag-news","20":"tag-reglementation","21":"tag-republique-federale-dallemagne","22":"tag-resilience","23":"tag-souverainete","24":"tag-vulnerabilite"},"share_on_mastodon":{"url":"https:\/\/pubeurope.com\/@fr\/115828713484887325","error":""},"_links":{"self":[{"href":"https:\/\/www.europesays.com\/fr\/wp-json\/wp\/v2\/posts\/637392","targetHints":{"allow":["GET"]}}],"collection":[{"href":"https:\/\/www.europesays.com\/fr\/wp-json\/wp\/v2\/posts"}],"about":[{"href":"https:\/\/www.europesays.com\/fr\/wp-json\/wp\/v2\/types\/post"}],"author":[{"embeddable":true,"href":"https:\/\/www.europesays.com\/fr\/wp-json\/wp\/v2\/users\/2"}],"replies":[{"embeddable":true,"href":"https:\/\/www.europesays.com\/fr\/wp-json\/wp\/v2\/comments?post=637392"}],"version-history":[{"count":0,"href":"https:\/\/www.europesays.com\/fr\/wp-json\/wp\/v2\/posts\/637392\/revisions"}],"wp:featuredmedia":[{"embeddable":true,"href":"https:\/\/www.europesays.com\/fr\/wp-json\/wp\/v2\/media\/637393"}],"wp:attachment":[{"href":"https:\/\/www.europesays.com\/fr\/wp-json\/wp\/v2\/media?parent=637392"}],"wp:term":[{"taxonomy":"category","embeddable":true,"href":"https:\/\/www.europesays.com\/fr\/wp-json\/wp\/v2\/categories?post=637392"},{"taxonomy":"post_tag","embeddable":true,"href":"https:\/\/www.europesays.com\/fr\/wp-json\/wp\/v2\/tags?post=637392"}],"curies":[{"name":"wp","href":"https:\/\/api.w.org\/{rel}","templated":true}]}}