{"id":637394,"date":"2026-01-03T02:04:26","date_gmt":"2026-01-03T02:04:26","guid":{"rendered":"https:\/\/www.europesays.com\/fr\/637394\/"},"modified":"2026-01-03T02:04:26","modified_gmt":"2026-01-03T02:04:26","slug":"leurope-debute-bien-2026-nouveau-record-pour-le-stoxx-600-2","status":"publish","type":"post","link":"https:\/\/www.europesays.com\/fr\/637394\/","title":{"rendered":"L&rsquo;Europe d\u00e9bute bien 2026, nouveau record pour le Stoxx 600"},"content":{"rendered":"<p>&#13;<br \/>\n            <img decoding=\"async\" src=\"https:\/\/www.europesays.com\/fr\/wp-content\/uploads\/2026\/01\/1767405866_931_820-c.jpg\" alt=\"bourse Cac 40\"\/><\/p>\n<p>(Agefi-Dow Jones)&#8211;Les Bourses europ\u00e9ennes ont gagn\u00e9 du<br \/>\nterrain vendredi pour la premi\u00e8re s\u00e9ance de l&rsquo;ann\u00e9e,<br \/>\npropulsant l&rsquo;indice Stoxx 600 \u00e0 un nouveau record historique.<\/p>\n<p>Le Stoxx Europe 600 a grimp\u00e9 de 0,7%, \u00e0 596,16 points. A Paris,<br \/>\nle CAC 40 et le SBF 120 ont pris respectivement 0,6% et 0,5%, soutenus<br \/>\nnotamment par les valeurs des secteurs des semi-conducteurs, de<br \/>\nl&rsquo;a\u00e9ronautique et de la d\u00e9fense. A Francfort, le DAX 40 s&rsquo;est<br \/>\nadjug\u00e9 0,2%, tout comme le FTSE 100 \u00e0 Londres. L&rsquo;indice<br \/>\nbritannique a bri\u00e8vement franchi le seuil des 10.000 points en<br \/>\ns\u00e9ance, avant de limiter son avance pour cl\u00f4turer \u00e0<br \/>\n9.951,14 points.<\/p>\n<p>A <a href=\"https:\/\/www.abcbourse.com\/marches\/aaz?M=usau\" target=\"_blank\" rel=\"noopener\">Wall Street<\/a>, les indices am\u00e9ricains \u00e9voluaient de<br \/>\nmani\u00e8re contrast\u00e9e et le S&amp;P 500 \u00e9tait stable \u00e0 la<br \/>\nmi-s\u00e9ance, apr\u00e8s une ouverture dans le vert. \u00ab\u00a0Le premier jour<br \/>\nde cotation s&rsquo;est r\u00e9cemment r\u00e9v\u00e9l\u00e9 \u00eatre un<br \/>\nindicateur tr\u00e8s peu fiable pour le reste de l&rsquo;ann\u00e9e\u00a0\u00bb,<br \/>\npr\u00e9viennent les \u00e9conomistes de Deustche Bank.<\/p>\n<p>\u00ab\u00a0En effet, les ann\u00e9es 2023, 2024 et 2025 ont chacune commenc\u00e9<br \/>\npar une s\u00e9ance n\u00e9gative pour le S&amp;P 500, avant que l&rsquo;indice<br \/>\nn&rsquo;enregistre une hausse annuelle \u00e0 deux chiffres. En revanche,<br \/>\nl&rsquo;ann\u00e9e 2022 a connu un sommet historique d\u00e8s le premier jour,<br \/>\navant que l&rsquo;indice ne tombe dans un march\u00e9 baissier et ne connaisse<br \/>\nsa pire ann\u00e9e depuis 2008\u00a0\u00bb, rappellent les professionnels.<\/p>\n<p>Au chapitre macro\u00e9conomique, l&rsquo;activit\u00e9 manufacturi\u00e8re<br \/>\ndans la zone euro a poursuivi son d\u00e9clin en d\u00e9cembre, selon<br \/>\nles donn\u00e9es d\u00e9finitives publi\u00e9es vendredi par S&amp;P Global<br \/>\net Hamburg Commercial Bank (HCOB).<\/p>\n<p>L&rsquo;indice PMI du secteur manufacturier de la zone euro est ressorti<br \/>\n\u00e0 48,8 le mois dernier, au plus bas depuis neuf mois, contre 49,6<br \/>\nen novembre. L&rsquo;estimation provisoire pour le mois dernier, publi\u00e9e<br \/>\nle 16 d\u00e9cembre, \u00e9tait de 49,2.<\/p>\n<p>Un chiffre sup\u00e9rieur \u00e0 50 traduit une expansion de<br \/>\nl&rsquo;activit\u00e9 par rapport au mois pr\u00e9c\u00e9dent. Inf\u00e9rieur<br \/>\n\u00e0 50, il d\u00e9note un recul.<\/p>\n<p>Sur le march\u00e9 des changes, l&rsquo;euro a c\u00e9d\u00e9 0,1% face au<br \/>\nbillet vert, \u00e0 1,1736 dollar.<\/p>\n<p>VALEURS EN VUE:<\/p>\n<p>&#8211;<a href=\"https:\/\/www.abcbourse.com\/cotation\/MLp\" target=\"_blank\" rel=\"noopener\">Michelin<\/a> (+1,2%): Le pneumaticien a annonc\u00e9 vendredi deux projets<br \/>\nd&rsquo;acquisitions aux Etats-Unis visant \u00e0 renforcer son activit\u00e9<br \/>\nPolymer Composite Solutions. Michelin a conclu des accords en vue<br \/>\nd&rsquo;acqu\u00e9rir Cooley Group, sp\u00e9cialiste des tissus enduits<br \/>\nindustriels, et Tex Tech Industries, concepteur et fabricant de textiles<br \/>\net tissus sp\u00e9cialis\u00e9s. Les modalit\u00e9s financi\u00e8res des<br \/>\ndeux op\u00e9rations n&rsquo;ont pas \u00e9t\u00e9 d\u00e9voil\u00e9es.<\/p>\n<p>-STMICRO (+4,5%), SOITEC (+7,2%): les valeurs li\u00e9es aux<br \/>\nsemi-conducteurs ont profit\u00e9 du bon d\u00e9but d&rsquo;ann\u00e9e du<br \/>\nsecteur outre-Atlantique, alors que <a href=\"https:\/\/www.abcbourse.com\/cotation\/NVDAu\" target=\"_blank\" rel=\"noopener\">Nvidia<\/a> s&rsquo;adjugeait 1,7% et que AMD<br \/>\nprenait 3,5% \u00e0 la mi-journ\u00e9e \u00e0 New York.<\/p>\n<p>&#8211;<a href=\"https:\/\/www.abcbourse.com\/cotation\/RNOp\" target=\"_blank\" rel=\"noopener\">Renault<\/a> (+2,7%): le groupe Renault a vu ses immatriculations reculer de<br \/>\n10,3% le mois dernier, \u00e0 40.911 unit\u00e9s, tandis que les ventes<br \/>\nde sa marque Renault ont baiss\u00e9 de 2,2%, \u00e0 29.402 unit\u00e9s.<\/p>\n<p>&#8211;<a href=\"https:\/\/www.abcbourse.com\/cotation\/STLAPp\" target=\"_blank\" rel=\"noopener\">Stellantis<\/a> (+3,3%): les immatriculations du constructeur automobile ont<br \/>\nprogress\u00e9 de 5,4% en d\u00e9cembre, \u00e0 34.420 unit\u00e9s.<br \/>\nPourtant, les ventes de sa principale marque en France, Peugeot, ont<br \/>\nrecul\u00e9 de 8,8% sur la p\u00e9riode, \u00e0 16.398 unit\u00e9s. Mais<br \/>\ncelle de sa filiale Citro\u00ebn ont grimp\u00e9 de 37,8%, \u00e0 10.747<br \/>\nunit\u00e9s.<\/p>\n<p>-TECHNIP ENERGIES (+0,5%): le groupe d&rsquo;ing\u00e9nierie pour l&rsquo;industrie<br \/>\np\u00e9troli\u00e8re a annonc\u00e9 vendredi avoir finalis\u00e9<br \/>\nl&rsquo;acquisition de la division Advanced Materials &amp; Catalysts (AM&amp;C)<br \/>\nd&rsquo;Ecovyst, qui regroupe les activit\u00e9s de mat\u00e9riaux<br \/>\navanc\u00e9s et de catalyseurs de l&rsquo;entreprise am\u00e9ricaine.<\/p>\n<p>-VALNEVA(+2%): le fabricant fran\u00e7ais de vaccins a annonc\u00e9<br \/>\nmercredi soir avoir mis fin \u00e0 son accord de licence exclusif avec<br \/>\nle Serum Institute of India (SII), le plus grand fabricant de vaccins au<br \/>\nmonde en nombre de doses, pour son vaccin contre le chikungunya.<\/p>\n<p>Agefi-Dow Jones The financial newswire<\/p>\n<p>&#13;<br \/>\n            &#13;<\/p>\n<p>Vous avez aim\u00e9 cet article ? Partagez-le avec vos amis avec les boutons ci-dessous.<\/p>\n","protected":false},"excerpt":{"rendered":"&#13; (Agefi-Dow Jones)&#8211;Les Bourses europ\u00e9ennes ont gagn\u00e9 du terrain vendredi pour la premi\u00e8re s\u00e9ance de l&rsquo;ann\u00e9e, propulsant l&rsquo;indice&hellip;\n","protected":false},"author":2,"featured_media":636409,"comment_status":"","ping_status":"","sticky":false,"template":"","format":"standard","meta":{"footnotes":""},"categories":[1586],"tags":[11,1777,674,1011,27,12,25],"class_list":{"0":"post-637394","1":"post","2":"type-post","3":"status-publish","4":"format-standard","5":"has-post-thumbnail","7":"category-europe","8":"tag-actualites","9":"tag-eu","10":"tag-europe","11":"tag-fr","12":"tag-france","13":"tag-news","14":"tag-republique-francaise"},"share_on_mastodon":{"url":"https:\/\/pubeurope.com\/@fr\/115828717297845077","error":""},"_links":{"self":[{"href":"https:\/\/www.europesays.com\/fr\/wp-json\/wp\/v2\/posts\/637394","targetHints":{"allow":["GET"]}}],"collection":[{"href":"https:\/\/www.europesays.com\/fr\/wp-json\/wp\/v2\/posts"}],"about":[{"href":"https:\/\/www.europesays.com\/fr\/wp-json\/wp\/v2\/types\/post"}],"author":[{"embeddable":true,"href":"https:\/\/www.europesays.com\/fr\/wp-json\/wp\/v2\/users\/2"}],"replies":[{"embeddable":true,"href":"https:\/\/www.europesays.com\/fr\/wp-json\/wp\/v2\/comments?post=637394"}],"version-history":[{"count":0,"href":"https:\/\/www.europesays.com\/fr\/wp-json\/wp\/v2\/posts\/637394\/revisions"}],"wp:featuredmedia":[{"embeddable":true,"href":"https:\/\/www.europesays.com\/fr\/wp-json\/wp\/v2\/media\/636409"}],"wp:attachment":[{"href":"https:\/\/www.europesays.com\/fr\/wp-json\/wp\/v2\/media?parent=637394"}],"wp:term":[{"taxonomy":"category","embeddable":true,"href":"https:\/\/www.europesays.com\/fr\/wp-json\/wp\/v2\/categories?post=637394"},{"taxonomy":"post_tag","embeddable":true,"href":"https:\/\/www.europesays.com\/fr\/wp-json\/wp\/v2\/tags?post=637394"}],"curies":[{"name":"wp","href":"https:\/\/api.w.org\/{rel}","templated":true}]}}