{"id":637395,"date":"2026-01-03T02:05:24","date_gmt":"2026-01-03T02:05:24","guid":{"rendered":"https:\/\/www.europesays.com\/fr\/637395\/"},"modified":"2026-01-03T02:05:24","modified_gmt":"2026-01-03T02:05:24","slug":"lentree-de-la-bulgarie-dans-la-zone-euro-le-1er-janvier-ravive-la-peur-dune-flambee-des-prix","status":"publish","type":"post","link":"https:\/\/www.europesays.com\/fr\/637395\/","title":{"rendered":"L&rsquo;entr\u00e9e de la Bulgarie dans la zone euro le 1er janvier ravive la peur d&rsquo;une flamb\u00e9e des prix"},"content":{"rendered":"<p>Une inqui\u00e9tude palpable. Alors que la Bulgarie a rejoint, ce jeudi 1er janvier, la zone euro et est devenue le 21e pays \u00e0 adopter la monnaie unique europ\u00e9enne, cette int\u00e9gration est plut\u00f4t vue d\u2019un mauvais oeil. En effet, certains redoutent que celle-ci favorise <strong>l\u2019inflation<\/strong> et entra\u00eene encore davantage <strong>d\u2019instabilit\u00e9 politique<\/strong>. Selon la derni\u00e8re enqu\u00eate d&rsquo;opinion de l&rsquo;agence de sondage de l&rsquo;UE Eurobarom\u00e8tre,<strong> pr\u00e8s de la moiti\u00e9 (49 %) des Bulgares<\/strong> sont oppos\u00e9s \u00e0 <a href=\"https:\/\/www.capital.fr\/economie-politique\/quelle-annee-est-on-passe-a-l-euro-en-france-1507776\" target=\"_blank\" rel=\"noopener\">la monnaie unique<\/a>. Mais les gouvernements successifs ont pouss\u00e9 l\u2019adoption de l\u2019euro afin de dynamiser l&rsquo;\u00e9conomie du pays le plus pauvre de <a href=\"https:\/\/www.capital.fr\/entreprises-marches\/le-reseau-social-x-delon-musk-se-voit-infliger-une-amende-de-120-millions-deuros-par-lunion-europeenne-une-premiere-1521672\" target=\"_blank\" rel=\"noopener\">l\u2019Union europ\u00e9enne<\/a>.<\/p>\n<p>Aupr\u00e8s de l\u2019AFP, Bilyana Nikolova, 53 ans, qui tient une \u00e9picerie dans le nord-ouest de la Bulgarie, en est certaine : \u00abLes prix vont augmenter. C&rsquo;est ce que m&rsquo;ont dit des amis qui vivent en Europe occidentale\u00bb. L\u2019inqui\u00e9tude est notamment de mise dans <a href=\"https:\/\/www.capital.fr\/votre-carriere\/inegalites-femmes-hommes-connaissez-vous-le-malus-rural-de-genre-1521737\" target=\"_blank\" rel=\"noopener\">les zones rurales<\/a> pauvres. Toutefois, la pr\u00e9sidente de la BCE, Christine Lagarde, a <strong>relativis\u00e9 les changement de prix<\/strong>, estimant qu\u2019ils seraient \u00abmodestes et de courte dur\u00e9e\u00bb. <\/p>\n<p>La tendance \u00e9tait \u00e0 la hausse avant l&rsquo;entr\u00e9e effective dans l\u2019euro<\/p>\n<p>Le parlement a renforc\u00e9 cet \u00e9t\u00e9<strong> les organes de contr\u00f4le <\/strong>charg\u00e9s d&rsquo;enqu\u00eater sur les hausses significatives des prix, et ainsi freiner une \u00e9ventuelle flamb\u00e9e \u00abinjustifi\u00e9e\u00bb li\u00e9e au passage \u00e0 l\u2019euro. Mais la tendance \u00e9tait d\u00e9j\u00e0 \u00e0 la hausse avant m\u00eame l&rsquo;entr\u00e9e effective dans l\u2019euro puisque les prix des denr\u00e9es alimentaires avaient <strong>augment\u00e9 de 5%<\/strong> sur un an en novembre, d\u2019apr\u00e8s l&rsquo;Institut national de statistique.<\/p>\n<p>Quant \u00e0 l\u2019immobilier, il s\u2019est mis \u00e0<strong> cro\u00eetre de 15,5%<\/strong> au deuxi\u00e8me trimestre, soit trois fois plus que la moyenne dans la zone euro. Malgr\u00e9 tout, selon Georgi Angelov, \u00e9conomiste senior \u00e0 l&rsquo;Open Society Institute de Sofia, cette entr\u00e9e dans la zone euro permettra aux consommateurs et aux commer\u00e7ants de comparer les prix \u00e0 ceux pratiqu\u00e9s dans le reste de l&rsquo;UE.<\/p>\n","protected":false},"excerpt":{"rendered":"Une inqui\u00e9tude palpable. Alors que la Bulgarie a rejoint, ce jeudi 1er janvier, la zone euro et est&hellip;\n","protected":false},"author":2,"featured_media":637396,"comment_status":"","ping_status":"","sticky":false,"template":"","format":"standard","meta":{"footnotes":""},"categories":[1586],"tags":[11,1777,450,674,1779,1011,27,12,25,1778,364,8408],"class_list":{"0":"post-637395","1":"post","2":"type-post","3":"status-publish","4":"format-standard","5":"has-post-thumbnail","7":"category-europe","8":"tag-actualites","9":"tag-eu","10":"tag-euro","11":"tag-europe","12":"tag-european-union","13":"tag-fr","14":"tag-france","15":"tag-news","16":"tag-republique-francaise","17":"tag-ue","18":"tag-union-europeenne","19":"tag-zone-euro"},"share_on_mastodon":{"url":"https:\/\/pubeurope.com\/@fr\/115828721145580148","error":""},"_links":{"self":[{"href":"https:\/\/www.europesays.com\/fr\/wp-json\/wp\/v2\/posts\/637395","targetHints":{"allow":["GET"]}}],"collection":[{"href":"https:\/\/www.europesays.com\/fr\/wp-json\/wp\/v2\/posts"}],"about":[{"href":"https:\/\/www.europesays.com\/fr\/wp-json\/wp\/v2\/types\/post"}],"author":[{"embeddable":true,"href":"https:\/\/www.europesays.com\/fr\/wp-json\/wp\/v2\/users\/2"}],"replies":[{"embeddable":true,"href":"https:\/\/www.europesays.com\/fr\/wp-json\/wp\/v2\/comments?post=637395"}],"version-history":[{"count":0,"href":"https:\/\/www.europesays.com\/fr\/wp-json\/wp\/v2\/posts\/637395\/revisions"}],"wp:featuredmedia":[{"embeddable":true,"href":"https:\/\/www.europesays.com\/fr\/wp-json\/wp\/v2\/media\/637396"}],"wp:attachment":[{"href":"https:\/\/www.europesays.com\/fr\/wp-json\/wp\/v2\/media?parent=637395"}],"wp:term":[{"taxonomy":"category","embeddable":true,"href":"https:\/\/www.europesays.com\/fr\/wp-json\/wp\/v2\/categories?post=637395"},{"taxonomy":"post_tag","embeddable":true,"href":"https:\/\/www.europesays.com\/fr\/wp-json\/wp\/v2\/tags?post=637395"}],"curies":[{"name":"wp","href":"https:\/\/api.w.org\/{rel}","templated":true}]}}