{"id":637411,"date":"2026-01-03T02:18:11","date_gmt":"2026-01-03T02:18:11","guid":{"rendered":"https:\/\/www.europesays.com\/fr\/637411\/"},"modified":"2026-01-03T02:18:11","modified_gmt":"2026-01-03T02:18:11","slug":"elle-est-venue-avec-une-moustache-et-la","status":"publish","type":"post","link":"https:\/\/www.europesays.com\/fr\/637411\/","title":{"rendered":"\u00ab\u00a0Elle est venue avec une moustache et\u2026\u00a0\u00bb, la &#8230;"},"content":{"rendered":"<p>EN BREF<\/p>\n<ul class=\"bloc_resume_post_list\">\n<li>La s\u00e9rie polici\u00e8re \u00ab\u00a0Master Crimes&rsquo;, avec Muriel Robin et<br \/>\nAnne Le Nen, revient pour une troisi\u00e8me saison le 8 janvier 2025<br \/>\nsur TF1.<\/li>\n<li>Louise Arbus, professeure de criminologie, reprend les<br \/>\nenqu\u00eates avec ses \u00e9tudiants apr\u00e8s une longue pause.<\/li>\n<li>Anne Le Nen partage des anecdotes sur le succ\u00e8s de la<br \/>\ns\u00e9rie et ses projets futurs, r\u00e9v\u00e9lant des moments<br \/>\nin\u00e9dits.<\/li>\n<\/ul>\n<p>Lanc\u00e9e pour la premi\u00e8re fois sur l&rsquo;antenne de TF1 en 2023.<br \/>\n<a href=\"https:\/\/www.telestar.fr\/actu-tv\/master-crimes-avec-quelle-celebre-serie-la-fiction-de-tf1-a-t-elle-de-nombreux-points-communs-845078\" target=\"_blank\" rel=\"noopener\"><br \/>\nLa s\u00e9rie polici\u00e8re intitul\u00e9e Master Crimes<\/a> s&rsquo;est<br \/>\nimm\u00e9diatement impos\u00e9e aupr\u00e8s des t\u00e9l\u00e9spectateurs de la premi\u00e8re<br \/>\ncha\u00eene. <a href=\"https:\/\/www.telestar.fr\/serie_tv\/master-crimes-y-aura-t-il-une-saison-3-sur-tf1-1697301\" target=\"_blank\" rel=\"noopener\"><br \/>\nLa troisi\u00e8me saison<\/a> de cette fiction port\u00e9e par Muriel Robin et<br \/>\nAnne Le Nen sera d&rsquo;ailleurs <strong>officiellement lanc\u00e9e le jeudi<br \/>\n8 janvier 2025 en prime time<\/strong>. Pour rappel, Master<br \/>\nCrimes suit le personnage de Louise Arbus. Incarn\u00e9 \u00e0 l&rsquo;\u00e9cran<br \/>\npar la c\u00e9l\u00e8bre humoriste.<\/p>\n<p>Depuis des ann\u00e9es, cette professeure de criminologie \u00e0<br \/>\nl&rsquo;universit\u00e9 ne veut plus collaborer aux enqu\u00eates de la police.<br \/>\nApr\u00e8s avoir fait condamner Pierre Delaunay. <strong>Dont elle a<br \/>\nmaintenant l&rsquo;intime conviction qu&rsquo;il est innocent.<\/strong> Le<br \/>\ncommissaire Rugasira arrive cependant \u00e0 la convaincre de revenir<br \/>\nsur le terrain. Face \u00e0 ce d\u00e9fi personnel, Louise Arbus rel\u00e8ve le<br \/>\ngant et d\u00e9cide de s&rsquo;entourer de quatre de ses \u00e9tudiants pour mener<br \/>\nl&rsquo;enqu\u00eate.<\/p>\n<p>Master Crimes : Muriel Robin va retrouver sa compagne<br \/>\ndans la troisi\u00e8me saison de la s\u00e9rie sur TF1<\/p>\n<p>Dans cette nouvelle saison de Master Crimes. Muriel<br \/>\nRobin va une nouvelle fois donner la r\u00e9plique \u00e0 sa compagne<br \/>\n<a href=\"https:\/\/www.closermag.fr\/people\/muriel-robin-quel-est-son-ecart-dage-avec-sa-compagne-anne-le-nen-3604497\" target=\"_blank\" rel=\"noopener\"><br \/>\nAnne Le Nen<\/a>. Mais aussi aux com\u00e9diens <strong>Olivier<br \/>\nClaverie,\u00a0Victor Meutelet,\u00a0Nordine Ganso,\u00a0Tha\u00efs<br \/>\nVauqui\u00e8res,\u00a0Ayumi Roux, Mika\u00ebl Mittelstadt<\/strong>, Micha\u00ebl<br \/>\nCohen, Nicolas Gob,\u00a0Gr\u00e9goire Danvin-Sellier,\u00a0Roman<br \/>\nFreud,\u00a0Louise Adda,\u00a0Pierre Andr\u00e9,\u00a0Aurore Sellier,<br \/>\nDidier Boulle,\u00a0George Nistor,\u00a0J\u00e9r\u00e9my Barri\u00e8re et Fran\u00e7ois<br \/>\nBureloup.<\/p>\n<p>Dans le cadre d&rsquo;une interview accord\u00e9e au magazine T\u00e9l\u00e9<br \/>\nStar. En kiosque le lundi 5 janvier 2026. Anne Le Nen s&rsquo;est<br \/>\nconfi\u00e9e sur le succ\u00e8s de Master Crimes. En r\u00e9v\u00e9lant<br \/>\nnotamment qu&rsquo;il lui a permis de concr\u00e9tiser d&rsquo;autres projets.<br \/>\n\u00ab\u00a0Il se trouve qu&rsquo;il y a des projets qui ont \u00e9clos \u00e0 partir du<br \/>\nmoment o\u00f9 Master Crimes a \u00e9t\u00e9 diffus\u00e9. <strong>Notamment la mise en<br \/>\nsc\u00e8ne du spectacle de Marie B\u00f4<\/strong> On va tous \u00eatre d&rsquo;accord&#8230;<br \/>\nou pas (qu&rsquo;elle a co-\u00e9crit et mis en sc\u00e8ne ndlr)\u00a0\u00bb, a ainsi<br \/>\nsoulign\u00e9 la compagne de Muriel Robin.<\/p>\n<p>Anne Le Nen sur celle qui partage sa<br \/>\nvie : \u00ab\u00a0Quand je travaille sur un projet, je ne lui en parle pas en<br \/>\namont\u00a0\u00bb<\/p>\n<p>Par la suite, Anne Le Nen a r\u00e9v\u00e9l\u00e9 une dr\u00f4le d&rsquo;anecdote<br \/>\nconcernant celle qui partage sa vie. En fait Muriel Robin a assist\u00e9<br \/>\nau spectacle qu&rsquo;elle a co-\u00e9crit et mis en sc\u00e8ne frim\u00e9e en homme.<br \/>\n\u00ab\u00a0Quand je travaille sur un projet. Je ne lui en parle pas en<br \/>\namont. Je ne veux pas interpr\u00e9ter de travers un regard. <strong>Un<br \/>\nmot qui pourrait me couper les ailes<\/strong>\u00ab\u00a0, a tout d&rsquo;abord<br \/>\nindiqu\u00e9 l&rsquo;actrice.<\/p>\n<p>\u00ab\u00a0Lors du showcase de la pi\u00e8ce. Je ne souhaitais pas qu&rsquo;elle<br \/>\nsoit l\u00e0. Car <strong>je redoutais que ce soit trop impressionnant<br \/>\npour ma com\u00e9dienne.<\/strong> Elle est finalement venue avec une<br \/>\nmoustache et un b\u00e9ret. Et c&rsquo;\u00e9tait \u00e0 mourir de rire !\u00a0\u00bb, a<br \/>\nensuite ajout\u00e9 Anne Le Nen. Une initiative plut\u00f4t cocasse de la<br \/>\npart de l&rsquo;humoriste.<\/p>\n<p><strong>Interview \u00e0 retrouver en int\u00e9gralit\u00e9 dans votre<br \/>\nmagazine T\u00e9l\u00e9 Star en kiosque et en version num\u00e9rique ce lundi 5<br \/>\njanvier 2026.<\/strong><\/p>\n","protected":false},"excerpt":{"rendered":"EN BREF La s\u00e9rie polici\u00e8re \u00ab\u00a0Master Crimes&rsquo;, avec Muriel Robin et Anne Le Nen, revient pour une troisi\u00e8me&hellip;\n","protected":false},"author":2,"featured_media":637412,"comment_status":"","ping_status":"","sticky":false,"template":"","format":"standard","meta":{"footnotes":""},"categories":[1359],"tags":[548,58,59,1011,27,11764,973],"class_list":{"0":"post-637411","1":"post","2":"type-post","3":"status-publish","4":"format-standard","5":"has-post-thumbnail","7":"category-people","8":"tag-article-simple","9":"tag-divertissement","10":"tag-entertainment","11":"tag-fr","12":"tag-france","13":"tag-muriel-robin","14":"tag-people"},"share_on_mastodon":{"url":"https:\/\/pubeurope.com\/@fr\/115828772294328677","error":""},"_links":{"self":[{"href":"https:\/\/www.europesays.com\/fr\/wp-json\/wp\/v2\/posts\/637411","targetHints":{"allow":["GET"]}}],"collection":[{"href":"https:\/\/www.europesays.com\/fr\/wp-json\/wp\/v2\/posts"}],"about":[{"href":"https:\/\/www.europesays.com\/fr\/wp-json\/wp\/v2\/types\/post"}],"author":[{"embeddable":true,"href":"https:\/\/www.europesays.com\/fr\/wp-json\/wp\/v2\/users\/2"}],"replies":[{"embeddable":true,"href":"https:\/\/www.europesays.com\/fr\/wp-json\/wp\/v2\/comments?post=637411"}],"version-history":[{"count":0,"href":"https:\/\/www.europesays.com\/fr\/wp-json\/wp\/v2\/posts\/637411\/revisions"}],"wp:featuredmedia":[{"embeddable":true,"href":"https:\/\/www.europesays.com\/fr\/wp-json\/wp\/v2\/media\/637412"}],"wp:attachment":[{"href":"https:\/\/www.europesays.com\/fr\/wp-json\/wp\/v2\/media?parent=637411"}],"wp:term":[{"taxonomy":"category","embeddable":true,"href":"https:\/\/www.europesays.com\/fr\/wp-json\/wp\/v2\/categories?post=637411"},{"taxonomy":"post_tag","embeddable":true,"href":"https:\/\/www.europesays.com\/fr\/wp-json\/wp\/v2\/tags?post=637411"}],"curies":[{"name":"wp","href":"https:\/\/api.w.org\/{rel}","templated":true}]}}