{"id":637413,"date":"2026-01-03T02:19:15","date_gmt":"2026-01-03T02:19:15","guid":{"rendered":"https:\/\/www.europesays.com\/fr\/637413\/"},"modified":"2026-01-03T02:19:15","modified_gmt":"2026-01-03T02:19:15","slug":"la-photo-de-cette-habitante-a-tape-dans-loeil-de-la-region","status":"publish","type":"post","link":"https:\/\/www.europesays.com\/fr\/637413\/","title":{"rendered":"la photo de cette habitante a tap\u00e9 dans l\u2019\u0153il de la R\u00e9gion"},"content":{"rendered":"<p>                    Par<br \/>\n        <strong><br \/>\n            <a href=\"https:\/\/actu.fr\/auteur\/journaliste-lecourrierindependant\" title=\"Consulter tous les articles de R\u00e9daction Loud\u00e9ac\" target=\"_blank\" rel=\"noopener\">R\u00e9daction Loud\u00e9ac<\/a><br \/>\n                    <\/strong><\/p>\n<p>        Publi\u00e9 le<\/p>\n<p>            2 janv. 2026 \u00e0 11h40        <\/p>\n<p><b>Solange Jouan <\/b>a particip\u00e9 au <b>concours r\u00e9gional<\/b> de<b> photographie du patrimoine<\/b>. Sa photo de <b>l\u2019\u00e9glise Saint-Gal<\/b>, \u00e0 <a href=\"https:\/\/actu.fr\/bretagne\/plouguenast-langast_22219\" target=\"_blank\" rel=\"noopener\">Langast<\/a>, pr\u00e8s de<a href=\"https:\/\/actu.fr\/bretagne\/loudeac_22136\" target=\"_blank\" rel=\"noopener\"> Loud\u00e9ac (C\u00f4tes-d\u2019Armor)<\/a>, a \u00e9t\u00e9 pl\u00e9biscit\u00e9e en d\u00e9cembre\u00a02025.<\/p>\n<p>La photo depuis bient\u00f4t 10\u00a0ans<\/p>\n<p class=\" wall-content\">Jusqu\u2019il y a une dizaine d\u2019ann\u00e9es, Solange Jouan ne pratiquait que peu la photo.<\/p>\n<p class=\" wall-content\">Le d\u00e9clic est venu d\u2019un <b>appareil photo <\/b>que ses coll\u00e8gues de travail lui <b>offrent <\/b>\u00e0 son<b> d\u00e9part en retraite<\/b>, il y a neuf ans.<\/p>\n<p class=\" wall-content\">\u00ab\u2009J\u2019ai pris go\u00fbt \u00e0 photographier les paysages, la nature et surtout mes petits enfants\u2009\u00bb, commence-t-elle en pr\u00e9sentant des agrandissements de certains clich\u00e9s.<\/p>\n<p class=\" wall-content\">Elle se prend au jeu, encourag\u00e9e par les proches.<\/p>\n<p>Vid\u00e9os : en ce moment sur Actu<\/p>\n<p class=\" wall-content\">Son envie de visiter la Bretagne l\u2019am\u00e8ne dans les<b> villes et villages<\/b> \u00e0 l\u2019architecture remarquable\u2009: Locronan, Malestroit, Rochefort-en-Terre, Pontrieux\u2026<\/p>\n<p class=\" wall-content\">Elle participe \u00e0 des concours et se classe, entre autres, 11e sur 500 \u00e0 Pontivy en 2018 et 1re \u00e0 Pl\u00e9n\u00e9e-Jugon, concours local.<\/p>\n<p>Votre r\u00e9gion, votre actu !<\/p>\n<p>Recevez chaque jour les infos qui comptent pour vous.<\/p>\n<p>\t<a href=\"https:\/\/actu.fr\/newsletter\" class=\"ac-btn ac-btn--corner ac-btn--medium ac-btn--blue800\" target=\"_blank\" rel=\"noopener\">S&rsquo;incrire<\/a><\/p>\n<p>    <img   decoding=\"async\" loading=\"lazy\" class=\"size-large\" src=\"https:\/\/www.europesays.com\/fr\/wp-content\/uploads\/2026\/01\/6673d865f35966a73d865f3592e73dv-960x640.jpg\" alt=\"Plouguenast-langast-pays-loudeac-bretagne-concours-photo-regional-12-2025\" width=\"960\" height=\"640\"\/><br \/>\n    Solange Jouan, photographe amateure de Langast, pr\u00e8s de Loud\u00e9ac (C\u00f4tes-d\u2019Armor). \u00a9Le Courrier Ind\u00e9pendant480 photos<\/p>\n<p class=\" wall-content\">Elle d\u00e9cide alors d\u2019envoyer trois photos \u00e0 la<b> R\u00e9gion Bretagne<\/b>, organisatrice du \u00ab\u2009label CPRB\u2009\u00bb (Commune du Patrimoine Rural en Bretagne), auquel la commune de Langast participe.<\/p>\n<blockquote class=\"ac-article-quote wall-content\">\n<p>J\u2019ai envoy\u00e9 trois photos. Et celle de l\u2019\u00e9glise Saint-Gal a \u00e9t\u00e9 retenue. Je l\u2019ai prise avec des artichauts fleuris, symbole de la Bretagne. Et j\u2019ai \u00e9t\u00e9 class\u00e9e 25e sur les 30 photos s\u00e9lectionn\u00e9es pour 480 re\u00e7ues.<\/p>\n<p>Solange Jouan, prim\u00e9e au concours r\u00e9gional<\/p><\/blockquote>\n<p class=\" wall-content\">Elle a \u00e9t\u00e9 f\u00e9licit\u00e9e par la mairie qui lui a annonc\u00e9 que sa photo sera agrandie et expos\u00e9e en mairie.<\/p>\n<p class=\" wall-content\">Personnalisez votre actualit\u00e9 en ajoutant vos villes et m\u00e9dias en favori avec <a href=\"https:\/\/moncompte.actu.fr\" title=\"D\u00e9couvez Mon Actu\" rel=\"nofollow noopener\" data-trk=\"{&quot;cta&quot;:{&quot;action&quot;:&quot;https:\\\/\\\/moncompte.actu.fr&quot;,&quot;category&quot;:&quot;mon compte&quot;,&quot;from&quot;:&quot;article footer&quot;,&quot;name&quot;:&quot;Mon actu&quot;,&quot;type&quot;:&quot;cta&quot;}}\" target=\"_blank\">Mon Actu<\/a>.<\/p>\n","protected":false},"excerpt":{"rendered":"Par R\u00e9daction Loud\u00e9ac Publi\u00e9 le 2 janv. 2026 \u00e0 11h40 Solange Jouan a particip\u00e9 au concours r\u00e9gional de&hellip;\n","protected":false},"author":2,"featured_media":637414,"comment_status":"","ping_status":"","sticky":false,"template":"","format":"standard","meta":{"footnotes":""},"categories":[1358],"tags":[1348,1384,1385,10721,1386,58,59,1011,27,2551,1756,104],"class_list":{"0":"post-637413","1":"post","2":"type-post","3":"status-publish","4":"format-standard","5":"has-post-thumbnail","7":"category-arts-et-design","8":"tag-arts","9":"tag-arts-and-design","10":"tag-arts-et-design","11":"tag-centre-bretagne","12":"tag-design","13":"tag-divertissement","14":"tag-entertainment","15":"tag-fr","16":"tag-france","17":"tag-patrimoine","18":"tag-photographie","19":"tag-societe"},"share_on_mastodon":{"url":"https:\/\/pubeurope.com\/@fr\/115828776189521723","error":""},"_links":{"self":[{"href":"https:\/\/www.europesays.com\/fr\/wp-json\/wp\/v2\/posts\/637413","targetHints":{"allow":["GET"]}}],"collection":[{"href":"https:\/\/www.europesays.com\/fr\/wp-json\/wp\/v2\/posts"}],"about":[{"href":"https:\/\/www.europesays.com\/fr\/wp-json\/wp\/v2\/types\/post"}],"author":[{"embeddable":true,"href":"https:\/\/www.europesays.com\/fr\/wp-json\/wp\/v2\/users\/2"}],"replies":[{"embeddable":true,"href":"https:\/\/www.europesays.com\/fr\/wp-json\/wp\/v2\/comments?post=637413"}],"version-history":[{"count":0,"href":"https:\/\/www.europesays.com\/fr\/wp-json\/wp\/v2\/posts\/637413\/revisions"}],"wp:featuredmedia":[{"embeddable":true,"href":"https:\/\/www.europesays.com\/fr\/wp-json\/wp\/v2\/media\/637414"}],"wp:attachment":[{"href":"https:\/\/www.europesays.com\/fr\/wp-json\/wp\/v2\/media?parent=637413"}],"wp:term":[{"taxonomy":"category","embeddable":true,"href":"https:\/\/www.europesays.com\/fr\/wp-json\/wp\/v2\/categories?post=637413"},{"taxonomy":"post_tag","embeddable":true,"href":"https:\/\/www.europesays.com\/fr\/wp-json\/wp\/v2\/tags?post=637413"}],"curies":[{"name":"wp","href":"https:\/\/api.w.org\/{rel}","templated":true}]}}