{"id":637419,"date":"2026-01-03T02:23:31","date_gmt":"2026-01-03T02:23:31","guid":{"rendered":"https:\/\/www.europesays.com\/fr\/637419\/"},"modified":"2026-01-03T02:23:31","modified_gmt":"2026-01-03T02:23:31","slug":"ce-film-est-lun-des-plus-attendus-de-lannee-2026","status":"publish","type":"post","link":"https:\/\/www.europesays.com\/fr\/637419\/","title":{"rendered":"Ce film est l\u2019un des plus attendus de l\u2019ann\u00e9e 2026"},"content":{"rendered":"<p><img decoding=\"async\" class=\"\" style=\"width:100%;max-width:100%\" src=\"https:\/\/www.europesays.com\/fr\/wp-content\/uploads\/2026\/01\/lesmiserables_lindon_rahim1767351339639-format16by9.png\" alt=\"Film &quot;Les Mis\u00e9rables&quot; 2026\"\/><\/p>\n<p>Le film, avec Vincent Lindon et Tahar Rahim au casting, sortira le 9 d\u00e9cembre 2026.<\/p>\n<p>Cr\u00e9dit : Christophe Brachet | CURIOSA FILMS | ESKWAD | STUDIOCANAL.<\/p>\n<p>C\u2019est un classique de la litt\u00e9rature\u2026et du cin\u00e9ma. <strong>Les Mis\u00e9rables, le chef d\u2019\u0153uvre de Victor Hugo, va faire l\u2019objet d\u2019un nouveau film.<\/strong> Depuis 1943, sept versions lui ont \u00e9t\u00e9 consacr\u00e9es. On retiendra notamment celle de Robert Hossein en 1982 et celle de Claude Lelouch en 1995. La 8\u00e8me est sign\u00e9e du <strong>Rennais Fred Cavay\u00e9<\/strong>, qui a notamment r\u00e9alis\u00e9 Le Jeu (avec B\u00e9r\u00e9nice Bejo, St\u00e9phane de Groodt, Vincent Elbaz, Roschdy Zem,\u2026) en 2018.<\/p>\n<p>Parmi les acteurs de cette nouvelle version, <strong>Vincent Lindon (avec lequel Fred Cavay\u00e9 a d\u00e9j\u00e0 tourn\u00e9 deux films), Camille Cottin, le Poitevin Benjamin Lavernhe ou encore Tahar Rahim et Vassili Schneider<\/strong>.<\/p>\n<p>\u00a0<\/p>\n<p>Tournage \u00e0 Bordeaux<\/p>\n<p>Le tournage a commenc\u00e9 au c\u0153ur de l\u2019\u00e9t\u00e9 dans le centre-ville de <strong>Bordeaux<\/strong>. La production avait fait appel \u00e0 1 500 figurants pour une sc\u00e8ne tourn\u00e9e devant la cour Mably. D\u2019autres sc\u00e8nes avaient \u00e9t\u00e9 tourn\u00e9es un peu plus t\u00f4t \u00e0 une cinquantaine de kilom\u00e8tres au sud de Bordeaux, \u00e0 Saint-Macaire.<\/p>\n<p>Les \u0153uvres de Victor Hugo ont fait l\u2019objet de 37 films au cin\u00e9ma. Outre Les Mis\u00e9rables, citons Notre-Dame-de-Paris et Le Bossu de Notre-Dame.<\/p>\n","protected":false},"excerpt":{"rendered":"Le film, avec Vincent Lindon et Tahar Rahim au casting, sortira le 9 d\u00e9cembre 2026. Cr\u00e9dit : Christophe&hellip;\n","protected":false},"author":2,"featured_media":637420,"comment_status":"","ping_status":"","sticky":false,"template":"","format":"standard","meta":{"footnotes":""},"categories":[1354],"tags":[650,58,59,1346,1011,27,74455,16370,1360,16369],"class_list":{"0":"post-637419","1":"post","2":"type-post","3":"status-publish","4":"format-standard","5":"has-post-thumbnail","7":"category-films","8":"tag-cinema","9":"tag-divertissement","10":"tag-entertainment","11":"tag-films","12":"tag-fr","13":"tag-france","14":"tag-fred-cavaye","15":"tag-les-miserables","16":"tag-movies","17":"tag-victor-hugo"},"share_on_mastodon":{"url":"https:\/\/pubeurope.com\/@fr\/115828791985960910","error":""},"_links":{"self":[{"href":"https:\/\/www.europesays.com\/fr\/wp-json\/wp\/v2\/posts\/637419","targetHints":{"allow":["GET"]}}],"collection":[{"href":"https:\/\/www.europesays.com\/fr\/wp-json\/wp\/v2\/posts"}],"about":[{"href":"https:\/\/www.europesays.com\/fr\/wp-json\/wp\/v2\/types\/post"}],"author":[{"embeddable":true,"href":"https:\/\/www.europesays.com\/fr\/wp-json\/wp\/v2\/users\/2"}],"replies":[{"embeddable":true,"href":"https:\/\/www.europesays.com\/fr\/wp-json\/wp\/v2\/comments?post=637419"}],"version-history":[{"count":0,"href":"https:\/\/www.europesays.com\/fr\/wp-json\/wp\/v2\/posts\/637419\/revisions"}],"wp:featuredmedia":[{"embeddable":true,"href":"https:\/\/www.europesays.com\/fr\/wp-json\/wp\/v2\/media\/637420"}],"wp:attachment":[{"href":"https:\/\/www.europesays.com\/fr\/wp-json\/wp\/v2\/media?parent=637419"}],"wp:term":[{"taxonomy":"category","embeddable":true,"href":"https:\/\/www.europesays.com\/fr\/wp-json\/wp\/v2\/categories?post=637419"},{"taxonomy":"post_tag","embeddable":true,"href":"https:\/\/www.europesays.com\/fr\/wp-json\/wp\/v2\/tags?post=637419"}],"curies":[{"name":"wp","href":"https:\/\/api.w.org\/{rel}","templated":true}]}}