{"id":637429,"date":"2026-01-03T02:29:14","date_gmt":"2026-01-03T02:29:14","guid":{"rendered":"https:\/\/www.europesays.com\/fr\/637429\/"},"modified":"2026-01-03T02:29:14","modified_gmt":"2026-01-03T02:29:14","slug":"manifestations-en-iran-teheran-se-dit-pret-a-riposter-apres-des-menaces-de-trump-03-01-2026-a-0028","status":"publish","type":"post","link":"https:\/\/www.europesays.com\/fr\/637429\/","title":{"rendered":"Manifestations en Iran: T\u00e9h\u00e9ran se dit pr\u00eat \u00e0 riposter apr\u00e8s des menaces de Trump &#8211; 03\/01\/2026 \u00e0 00:28"},"content":{"rendered":"<p>        <img decoding=\"async\" src=\"https:\/\/www.europesays.com\/fr\/wp-content\/uploads\/2026\/01\/a0deedf728fe81872205f263ea43abc0-760x507.jpg\" alt=\"Des manifestants dans la rue \u00e0 T\u00e9h\u00e9ran en Iran, le 29 d\u00e9cembre 2025 ( FARS NEWS AGENCY \/ HANDOUT )\" loading=\"eager\" fetchpriority=\"high\" width=\"760\" height=\"507\" style=\"max-width: 100%!important; height: auto;\"\/><\/p>\n<p class=\"c-image-news__legend\">Des manifestants dans la rue \u00e0 T\u00e9h\u00e9ran en Iran, le 29 d\u00e9cembre 2025 ( FARS NEWS AGENCY \/ HANDOUT )<\/p>\n<p>\n Le pr\u00e9sident Donald Trump a menac\u00e9 vendredi d&rsquo;une intervention am\u00e9ricaine en Iran si des manifestants y \u00e9taient tu\u00e9s dans le cadre de la mobilisation en cours, les autorit\u00e9s iraniennes pr\u00e9venant qu&rsquo;elles riposteraient si cette \u00ab\u00a0ligne rouge\u00a0\u00bb \u00e9tait franchie.\n<\/p>\n<p>\n Des affrontements localis\u00e9s entre manifestants et forces de l&rsquo;ordre ont fait six morts jeudi dans l&rsquo;ouest de l&rsquo;Iran, selon des m\u00e9dias locaux, les premiers depuis le d\u00e9but dimanche d&rsquo;une mobilisation initialement li\u00e9e \u00e0 la vie ch\u00e8re, qui s&rsquo;est depuis \u00e9largie \u00e0 des revendications politiques.\n<\/p>\n<p>\n Le mouvement de contestation est parti de T\u00e9h\u00e9ran, o\u00f9 des commer\u00e7ants ont ferm\u00e9 boutique pour protester contre l&rsquo;hyperinflation et le marasme \u00e9conomique, avant de gagner des universit\u00e9s et de s&rsquo;\u00e9tendre \u00e0 une partie du pays.\n<\/p>\n<p>        <img decoding=\"async\" src=\"https:\/\/www.europesays.com\/fr\/wp-content\/uploads\/2026\/01\/1e2cc3d1f3609b1a886635ca77fa85e9-760x531.jpg\" alt=\"Le pr\u00e9sident am\u00e9ricain Donald Trump \u00e0 Palm Beach aux Etats-Unis le 29 d\u00e9cembre 2025 ( AFP \/ Jim WATSON )\" loading=\"eager\" fetchpriority=\"high\" width=\"760\" height=\"531\" style=\"max-width: 100%!important; height: auto;\"\/><\/p>\n<p class=\"c-image-news__legend\">Le pr\u00e9sident am\u00e9ricain Donald Trump \u00e0 Palm Beach aux Etats-Unis le 29 d\u00e9cembre 2025 ( AFP \/ Jim WATSON )<\/p>\n<p>\n \u00ab\u00a0Si l&rsquo;Iran tire sur des manifestants pacifiques et les tue violemment, comme \u00e0 son habitude, les Etats-Unis d&rsquo;Am\u00e9rique viendront \u00e0 leur secours\u00a0\u00bb, a d\u00e9clar\u00e9 Donald Trump sur son r\u00e9seau Truth Social.\n<\/p>\n<p>\n \u00ab\u00a0Nous sommes pr\u00eats, arm\u00e9s et par\u00e9s \u00e0 intervenir\u00a0\u00bb, a-t-il ajout\u00e9.\n<\/p>\n<p>\n Ali Shamkhani, un conseiller du guide supr\u00eame Ali Khamenei a affirm\u00e9 que toute intervention am\u00e9ricaine d\u00e9clencherait une \u00ab\u00a0riposte\u00a0\u00bb, pr\u00e9venant que \u00ab\u00a0la s\u00e9curit\u00e9 de l&rsquo;Iran est une ligne rouge\u00a0\u00bb.\n<\/p>\n<p>\n Le ministre iranien des Affaires \u00e9trang\u00e8res, Abbas Araghchi, a d\u00e9nonc\u00e9 sur X une menace \u00ab\u00a0imprudente et dangereuse\u00a0\u00bb face \u00e0 laquelle les \u00ab\u00a0forces arm\u00e9es sont en alerte et savent pr\u00e9cis\u00e9ment o\u00f9 frapper en cas d&rsquo;atteinte \u00e0 la souverainet\u00e9 iranienne\u00a0\u00bb.\n<\/p>\n<p>\n Le porte-parole de la police iranienne, Sa\u00efd Montazeralmahdi, a pour sa part assur\u00e9 comprendre les revendications d&rsquo;ordre \u00e9conomique des manifestants mais averti que les forces de l&rsquo;ordre ne tol\u00e9reraient aucun \u00ab\u00a0chaos\u00a0\u00bb.\n<\/p>\n<p> &#8211; Risque de \u00ab\u00a0d\u00e9stabilisation\u00a0\u00bb &#8211;<\/p>\n<p>\n Un autre conseiller du guide, Ali Larijani, a mis en garde Donald Trump contre un risque de \u00ab\u00a0d\u00e9stabilisation\u00a0\u00bb r\u00e9gionale. \u00ab\u00a0Qu&rsquo;il prenne garde \u00e0 ses soldats\u00a0\u00bb, a-t-il ajout\u00e9 sur X.\n<\/p>\n<p>\n Dans un communiqu\u00e9, le gouvernement du Venezuela, alli\u00e9 de T\u00e9h\u00e9ran, a exprim\u00e9 sa \u00ab\u00a0profonde pr\u00e9occupation\u00a0\u00bb et appel\u00e9 \u00e0 \u00ab\u00a0l&rsquo;arr\u00eat des attitudes d&rsquo;ing\u00e9rence qui compromettent la stabilit\u00e9 r\u00e9gionale\u00a0\u00bb.\n<\/p>\n<p>\n La contestation en Iran touche ou a touch\u00e9, \u00e0 des degr\u00e9s divers, au moins 20 villes diff\u00e9rentes, essentiellement de taille moyenne et situ\u00e9es dans l&rsquo;ouest du pays, selon un comptage de l&rsquo;AFP bas\u00e9 sur les annonces officielles et des m\u00e9dias.\n<\/p>\n<p>\n Elle a donn\u00e9 lieu localement \u00e0 des affrontements et des d\u00e9gradations de b\u00e2timents publics.\n<\/p>\n<p>\n Les autorit\u00e9s et les m\u00e9dias iraniens ne communiquent pas n\u00e9cessairement et en d\u00e9tail sur tous les incidents, ce qui complique l&rsquo;appr\u00e9ciation des \u00e9v\u00e9nements. Des vid\u00e9os sur la mobilisation inondent les r\u00e9seaux sociaux, mais toutes ne peuvent pas \u00eatre authentifi\u00e9es.\n<\/p>\n<p>        <img decoding=\"async\" src=\"https:\/\/www.europesays.com\/fr\/wp-content\/uploads\/2026\/01\/880d1199a28025bef4d2f628c20200ac-760x507.jpg\" alt=\"Des manifestants dans la rue \u00e0 T\u00e9h\u00e9ran, en Iran, le 29 d\u00e9cembre 2025 ( FARS NEWS AGENCY \/ HANDOUT )\" loading=\"eager\" fetchpriority=\"high\" width=\"760\" height=\"507\" style=\"max-width: 100%!important; height: auto;\"\/><\/p>\n<p class=\"c-image-news__legend\">Des manifestants dans la rue \u00e0 T\u00e9h\u00e9ran, en Iran, le 29 d\u00e9cembre 2025 ( FARS NEWS AGENCY \/ HANDOUT )<\/p>\n<p>\n Le procureur du district central de la province du Lorestan, dans l&rsquo;ouest, Ali Hassanvand, a pr\u00e9venu vendredi que \u00ab\u00a0toute participation \u00e0 des rassemblements ill\u00e9gaux et toute action visant \u00e0 troubler l&rsquo;ordre public\u00a0\u00bb constituaient \u00ab\u00a0des crimes\u00a0\u00bb qui seraient trait\u00e9s \u00ab\u00a0avec la plus grande fermet\u00e9\u00a0\u00bb.\n<\/p>\n<p>\n Trente personnes accus\u00e9es de \u00ab\u00a0troubles \u00e0 l&rsquo;ordre public\u00a0\u00bb ont \u00e9t\u00e9 arr\u00eat\u00e9es en p\u00e9riph\u00e9rie de T\u00e9h\u00e9ran, a indiqu\u00e9 jeudi soir l&rsquo;agence Tasnim.\n<\/p>\n<p> &#8211; \u00ab\u00a0Revendications l\u00e9gitimes\u00a0\u00bb &#8211;<\/p>\n<p>\n Depuis le d\u00e9but des protestations, le pouvoir joue \u00e0 la fois sur l&rsquo;apaisement, reconnaissant des \u00ab\u00a0revendications l\u00e9gitimes\u00a0\u00bb li\u00e9es aux difficult\u00e9s \u00e9conomiques, et sur la fermet\u00e9 face \u00e0 toute tentative de d\u00e9stabilisation.\n<\/p>\n<p>\n M. Araghchi a soulign\u00e9 \u00e0 l&rsquo;adresse de Donald Trump que si le mouvement en cours \u00e9tait surtout pacifique, \u00ab\u00a0les attaques criminelles contre les biens publics (\u00e9taient) intol\u00e9rables\u00a0\u00bb.\n<\/p>\n<p>\n Sur X, le Haut-Commissaire des Nations unies aux droits de l&rsquo;Homme, Volker Turk, a exhort\u00e9 l&rsquo;Iran \u00ab\u00a0\u00e0 respecter les droits \u00e0 la libert\u00e9 d&rsquo;expression, d&rsquo;association et de r\u00e9union pacifique\u00a0\u00bb.\n<\/p>\n<p>\n Ces protestations sont toutefois de moindre ampleur que celles qui avaient secou\u00e9 l&rsquo;Iran fin 2022 apr\u00e8s la mort en d\u00e9tention de Mahsa Amini, une jeune femme arr\u00eat\u00e9e par la police des moeurs pour avoir enfreint le strict code vestimentaire f\u00e9minin.\n<\/p>\n<p>\n En 2019, des manifestations avaient aussi \u00e9clat\u00e9 apr\u00e8s l&rsquo;annonce d&rsquo;une envol\u00e9e du prix de l&rsquo;essence. La contestation avait alors touch\u00e9 une centaine de villes, notamment T\u00e9h\u00e9ran, et fait des dizaines de morts.\n<\/p>\n<p>\n Ce nouveau mouvement est n\u00e9 au moment o\u00f9 le pays appara\u00eet affaibli apr\u00e8s une guerre avec Isra\u00ebl en juin dernier et les coups port\u00e9s \u00e0 plusieurs de ses alli\u00e9s r\u00e9gionaux, tandis que l&rsquo;ONU a r\u00e9tabli en septembre des sanctions \u00e0 son encontre pour son programme nucl\u00e9aire.\n<\/p>\n<p>\n La monnaie nationale, le rial, a perdu depuis un an plus d&rsquo;un tiers de sa valeur face au dollar, tandis qu&rsquo;une hyperinflation fragilise depuis des ann\u00e9es le pouvoir d&rsquo;achat des Iraniens, dans un pays asphyxi\u00e9 par des sanctions internationales.\n<\/p>\n<p>\n La quasi-totalit\u00e9 du pays a \u00e9t\u00e9 mise en cong\u00e9 cette semaine, sur d\u00e9cision des autorit\u00e9s, qui ont invoqu\u00e9 le froid et des \u00e9conomies d&rsquo;\u00e9nergie sans faire officiellement de lien avec les manifestations.<\/p>\n","protected":false},"excerpt":{"rendered":"Des manifestants dans la rue \u00e0 T\u00e9h\u00e9ran en Iran, le 29 d\u00e9cembre 2025 ( FARS NEWS AGENCY \/&hellip;\n","protected":false},"author":2,"featured_media":637430,"comment_status":"","ping_status":"","sticky":false,"template":"","format":"standard","meta":{"footnotes":""},"categories":[5],"tags":[400,11,398,408,405,1011,27,403,14,402,399,404,12,401,406,407,28],"class_list":{"0":"post-637429","1":"post","2":"type-post","3":"status-publish","4":"format-standard","5":"has-post-thumbnail","7":"category-international","8":"tag-action-cac-40","9":"tag-actualites","10":"tag-bourse-de-paris","11":"tag-boursorama","12":"tag-cotations","13":"tag-fr","14":"tag-france","15":"tag-indices-devises","16":"tag-international","17":"tag-investir","18":"tag-investissement","19":"tag-marche-boursier","20":"tag-news","21":"tag-sicav","22":"tag-trackers","23":"tag-warrants","24":"tag-world"},"share_on_mastodon":{"url":"https:\/\/pubeurope.com\/@fr\/115828815692464699","error":""},"_links":{"self":[{"href":"https:\/\/www.europesays.com\/fr\/wp-json\/wp\/v2\/posts\/637429","targetHints":{"allow":["GET"]}}],"collection":[{"href":"https:\/\/www.europesays.com\/fr\/wp-json\/wp\/v2\/posts"}],"about":[{"href":"https:\/\/www.europesays.com\/fr\/wp-json\/wp\/v2\/types\/post"}],"author":[{"embeddable":true,"href":"https:\/\/www.europesays.com\/fr\/wp-json\/wp\/v2\/users\/2"}],"replies":[{"embeddable":true,"href":"https:\/\/www.europesays.com\/fr\/wp-json\/wp\/v2\/comments?post=637429"}],"version-history":[{"count":0,"href":"https:\/\/www.europesays.com\/fr\/wp-json\/wp\/v2\/posts\/637429\/revisions"}],"wp:featuredmedia":[{"embeddable":true,"href":"https:\/\/www.europesays.com\/fr\/wp-json\/wp\/v2\/media\/637430"}],"wp:attachment":[{"href":"https:\/\/www.europesays.com\/fr\/wp-json\/wp\/v2\/media?parent=637429"}],"wp:term":[{"taxonomy":"category","embeddable":true,"href":"https:\/\/www.europesays.com\/fr\/wp-json\/wp\/v2\/categories?post=637429"},{"taxonomy":"post_tag","embeddable":true,"href":"https:\/\/www.europesays.com\/fr\/wp-json\/wp\/v2\/tags?post=637429"}],"curies":[{"name":"wp","href":"https:\/\/api.w.org\/{rel}","templated":true}]}}