{"id":63743,"date":"2025-04-30T06:54:20","date_gmt":"2025-04-30T06:54:20","guid":{"rendered":"https:\/\/www.europesays.com\/fr\/63743\/"},"modified":"2025-04-30T06:54:20","modified_gmt":"2025-04-30T06:54:20","slug":"anika-nochteff-en-concert-a-la-grenze-concert-rock-a-strasbourg","status":"publish","type":"post","link":"https:\/\/www.europesays.com\/fr\/63743\/","title":{"rendered":"Anika + Nochteff en concert a La Grenze : Concert Rock a Strasbourg"},"content":{"rendered":"<p>\t\t\t\t\t\t\t\t\t<a href=\"https:\/\/www.dna.fr\/pour-sortir\/loisirs\/Concert-musique\/Rock\/Alsace\/Bas-rhin\/Strasbourg\/2025\/05\/07\/javascript:history.back();\" rel=\"nofollow noopener\" class=\"backToSearch\" target=\"_blank\">Retour \u00e0 la recherche<\/a><\/p>\n<p class=\"media-desc\" itemprop=\"description\">&#13;<br \/>\n\t\t\t\t\tAnika (art rock \/ Bristol-Berlin)<br \/>\nOn a d\u00e9couvert Anika en 2010 avec son album \u00e9ponyme produit par Geoff Barrow (Portishead, Beak&gt;), pour elle une aventure totalement inattendue. Une voix grave et spectrale \u00e0 la Nico, des synth\u00e9s dissonants faits de collages sonores exp\u00e9rimentaux&#13;<br \/>\n\t\t\t\t\t\t\t\t\t\t\t&#13;<br \/>\n\t\t\t\t\t\t\t\t\t\tAnika marque les esprits avec ses performances live empli de frustration exacerb\u00e9e et d&rsquo;optimisme prudent.<br \/>\nMembre fondatrice du groupe Exploded View, elle a ensuite travaill\u00e9 avec Tricky, Jim Jarmusch ou Yann Tiersen avant de sortir Change, un album lorgnant davantage vers l\u2019indie-pop mais toujours orn\u00e9 de m\u00e9lancolie introspective, distante et r\u00eaveuse. Artiste hybride, l\u2019anglo-allemande Anika Henderson de son vrai nom, entrem\u00eale post-punk, dub et musique psych\u00e9, avec des ombres de drum&rsquo;n&rsquo;bass et une forte emphase sur la voix.<br \/>\nPour les fans de : The Velvet Underground and Nico, Yoko Ono, Portishead <\/p>\n<p>Nochteff (minimal synth \/ Berlin)<br \/>\nAncien membre du groupe post-punk argentin Mueran Humanos, Tomas Nochteff se lance en solo arm\u00e9 d\u2019une bo\u00eete \u00e0 rythmes, d\u2019une basse, d\u2019une p\u00e9dale de loop et de son chant en espagnol. il cr\u00e9e des morceaux post-punk et rock \u00e9lectronique hypnotiques&#13;\n\t\t\t\t  <\/p>\n","protected":false},"excerpt":{"rendered":"Retour \u00e0 la recherche &#13; Anika (art rock \/ Bristol-Berlin) On a d\u00e9couvert Anika en 2010 avec son&hellip;\n","protected":false},"author":2,"featured_media":63744,"comment_status":"","ping_status":"","sticky":false,"template":"","format":"standard","meta":{"footnotes":""},"categories":[2820],"tags":[1111,11,1777,674,1011,27,775,12,25,640],"class_list":{"0":"post-63743","1":"post","2":"type-post","3":"status-publish","4":"format-standard","5":"has-post-thumbnail","7":"category-strasbourg","8":"tag-actu","9":"tag-actualites","10":"tag-eu","11":"tag-europe","12":"tag-fr","13":"tag-france","14":"tag-grand-est","15":"tag-news","16":"tag-republique-francaise","17":"tag-strasbourg"},"share_on_mastodon":{"url":"https:\/\/pubeurope.com\/@fr\/114425604510267210","error":""},"_links":{"self":[{"href":"https:\/\/www.europesays.com\/fr\/wp-json\/wp\/v2\/posts\/63743","targetHints":{"allow":["GET"]}}],"collection":[{"href":"https:\/\/www.europesays.com\/fr\/wp-json\/wp\/v2\/posts"}],"about":[{"href":"https:\/\/www.europesays.com\/fr\/wp-json\/wp\/v2\/types\/post"}],"author":[{"embeddable":true,"href":"https:\/\/www.europesays.com\/fr\/wp-json\/wp\/v2\/users\/2"}],"replies":[{"embeddable":true,"href":"https:\/\/www.europesays.com\/fr\/wp-json\/wp\/v2\/comments?post=63743"}],"version-history":[{"count":0,"href":"https:\/\/www.europesays.com\/fr\/wp-json\/wp\/v2\/posts\/63743\/revisions"}],"wp:featuredmedia":[{"embeddable":true,"href":"https:\/\/www.europesays.com\/fr\/wp-json\/wp\/v2\/media\/63744"}],"wp:attachment":[{"href":"https:\/\/www.europesays.com\/fr\/wp-json\/wp\/v2\/media?parent=63743"}],"wp:term":[{"taxonomy":"category","embeddable":true,"href":"https:\/\/www.europesays.com\/fr\/wp-json\/wp\/v2\/categories?post=63743"},{"taxonomy":"post_tag","embeddable":true,"href":"https:\/\/www.europesays.com\/fr\/wp-json\/wp\/v2\/tags?post=63743"}],"curies":[{"name":"wp","href":"https:\/\/api.w.org\/{rel}","templated":true}]}}