{"id":637445,"date":"2026-01-03T02:48:41","date_gmt":"2026-01-03T02:48:41","guid":{"rendered":"https:\/\/www.europesays.com\/fr\/637445\/"},"modified":"2026-01-03T02:48:41","modified_gmt":"2026-01-03T02:48:41","slug":"stand-up-patinoire-lecture-de-conte-que-faire-a-rennes-ce-week-end-voici-nos-idees-de-sorties","status":"publish","type":"post","link":"https:\/\/www.europesays.com\/fr\/637445\/","title":{"rendered":"Stand-up, patinoire, lecture de conte&#8230; Que faire \u00e0 Rennes ce week-end ? Voici nos id\u00e9es de sorties"},"content":{"rendered":"<p>                    Par<br \/>\n        <strong><br \/>\n            <a href=\"https:\/\/actu.fr\/auteur\/clemence-pays02-actu-fr\" title=\"Consulter tous les articles de Cl\u00e9mence Pays\" target=\"_blank\" rel=\"noopener\">Cl\u00e9mence Pays<\/a><br \/>\n                    <\/strong><\/p>\n<p>        Publi\u00e9 le<\/p>\n<p>            2 janv. 2026 \u00e0 16h57        <\/p>\n<p>Pour bien commencer l\u2019ann\u00e9e et profiter de ce premier week-end 2026, la r\u00e9daction d\u2019<a href=\"https:\/\/actu.fr\/rennes\/\" target=\"_blank\" rel=\"noopener\">actu Rennes<\/a> ne d\u00e9roge pas \u00e0 la r\u00e8gle et, comme chaque vendredi, vous propose<strong> une s\u00e9lection d\u2019id\u00e9es de sorties.<\/strong> \u00c0 faire seul ou \u00e0 plusieurs, avec ou sans enfant, il y en a pour tous les go\u00fbts et tous les budgets. Voici notre floril\u00e8ge d\u2019activit\u00e9s organis\u00e9es<strong> du vendredi\u00a02 au dimanche 4\u00a0janvier.<\/strong><\/p>\n<p>Les 3\u00a0ans de Flux Comedy Club<\/p>\n<p class=\" wall-content\">Le plateau d\u2019humour itin\u00e9rant, <strong>Flux Comedy Club<\/strong> f\u00eate ses 3\u00a0ans\u2009! Pour son anniversaire, le Flux donne rendez-vous aux Rennaises et Rennais \u00e0 la <strong>brasserie Skumenn,<\/strong> \u00e0 <a href=\"https:\/\/actu.fr\/bretagne\/cesson-sevigne_35051\" target=\"_blank\" rel=\"noopener\">Cesson-S\u00e9vign\u00e9<\/a>, \u00ab\u2009l\u00e0 o\u00f9 tout a commenc\u00e9\u2009\u00bb.<\/p>\n<p class=\" wall-content\"><a href=\"https:\/\/www.instagram.com\/p\/DScKTV7Dcy3\/embed\" title=\"Ouvrir le lien sur Instagram\" target=\"_blank\" rel=\"noopener\">Visualiser le contenu sur Instagram<\/a><\/p>\n<p class=\" wall-content\">Au programme \u00ab\u2009<strong>douze artistes dr\u00f4les<\/strong>\u2009; de l\u2019humour dr\u00f4le\u2009; \u00e0 boire dr\u00f4le\u2009; de la musique dr\u00f4le\u2009; \u00e0 manger dr\u00f4le\u2009; des surprises dr\u00f4les\u2009; un public dr\u00f4le\u2026\u2009\u00bb, \u00e9num\u00e8rent les organisateurs.<\/p>\n<p>Samedi 3\u00a0janvier, \u00e0 19h, Le Flux Comedy Club f\u00eate ses 3\u00a0ans, au Brewpub Skumenn, impasse des Charmilles, \u00e0 Cesson-S\u00e9vign\u00e9. Tout public, acc\u00e8s PMR, parking voiture et v\u00e9lo. Prix libre \u00e0 la sortie. Restauration sur place.<\/p>\n<p>Matrimoine et Coucou de Rennes \u00e0 l\u2019\u00e9comus\u00e9e<\/p>\n<p class=\" wall-content\">Ce week-end, ce sont les derniers jours pour d\u00e9couvrir <strong>le conte de la Coucou de Rennes,<\/strong> \u00e0 l\u2019\u00e9comus\u00e9e de la Bintinais.<\/p>\n<blockquote class=\"ac-article-quote wall-content\">\n<p>L\u2019\u00e9comus\u00e9e vous propose une r\u00e9\u00e9criture amusante et pleine de malice de \u00ab\u00a0La Petite Poule Rousse\u00a0\u00bb. Notre Coucou de Rennes se retrouve embarqu\u00e9e dans de sacr\u00e9es aventures\u2026 et elle va avoir bien besoin de ses amis de la ferme !<\/p>\n<p>    <strong>\u00c9comus\u00e9e de la Bintinais<\/strong>\n            <\/p><\/blockquote>\n<p>Votre r\u00e9gion, votre actu !<\/p>\n<p>Recevez chaque jour les infos qui comptent pour vous.<\/p>\n<p>\t<a href=\"https:\/\/actu.fr\/newsletter\" class=\"ac-btn ac-btn--corner ac-btn--medium ac-btn--blue800\" target=\"_blank\" rel=\"noopener\">S&rsquo;incrire<\/a><\/p>\n<p class=\" wall-content\">Une animation familiale qui fait \u00e9cho au <strong>spectacle projet\u00e9 sur la fa\u00e7ade de la mairie<\/strong> de Rennes, qui met en sc\u00e8ne la fameuse Coucou.<\/p>\n<p class=\" wall-content\"><a href=\"https:\/\/www.instagram.com\/p\/DSsaw65Dmob\/embed\" title=\"Ouvrir le lien sur Instagram\" target=\"_blank\" rel=\"noopener\">Visualiser le contenu sur Instagram<\/a><\/p>\n<p class=\" wall-content\">Ce passage \u00e0 l\u2019\u00e9comus\u00e9e sera \u00e9galement l\u2019occasion de profiter d\u2019une <strong>visite guid\u00e9e \u00ab\u2009matrimoine\u2009\u00bb<\/strong> pour partir \u00e0 la rencontre des femmes de la campagne rennaise.<\/p>\n<p>Conte de la Coucou de Rennes, jusqu\u2019au dimanche 4\u00a0janvier, \u00e0 14h30 et 15h30. Gratuit, tout public et sans inscription.<br \/>Visite guid\u00e9e Matrimoine, jusqu\u2019au dimanche 4\u00a0janvier, \u00e0 16h30. Gratuit, tout public.<br \/>\u00c9comus\u00e9e de la Bintinais, route de Ch\u00e2tillon-sur-Seiche, Rennes.<\/p>\n<p>Une journ\u00e9e festive \u00e0 la patinoire<\/p>\n<p class=\" wall-content\">Pendant cette p\u00e9riode de vacances scolaires,<strong> le Blizz<\/strong> organise de nombreuses activit\u00e9s dans un d\u00e9cor de No\u00ebl.<\/p>\n<p class=\" wall-content\">Au programme\u2009:<\/p>\n<ul class=\" wall-content\">\n<li>samedi apr\u00e8s-midi\u2009: \u00ab\u2009du fun sur la piste avec <strong>des jeux, des d\u00e9fis, des challenges<\/strong>\u2009\u00bb\u2009;<\/li>\n<li>samedi soir\u2009: \u00ab\u2009tentez de <strong>gagner une paire de patins<\/strong> et profitez d\u2019une ambiance fun sur la piste\u2009\u00bb\u2009;<\/li>\n<li>dimanche, <strong>un animateur<\/strong> guidera les patineurs le matin \u00ab\u2009et Blizzou sera l\u00e0 pour vous faire fondre\u2009\u00bb l\u2019apr\u00e8s-midi.<\/li>\n<\/ul>\n<p>Samedi\u00a03 et dimanche 4\u00a0janvier, animations au Blizz, 8, avenue des Gayeulles\u2009; \u00e0 Rennes. Horaires vacances de No\u00ebl\u2009: samedi, de 14h \u00e0 18h et de 20h \u00e0 00h\u2009; dimanche, de 10h \u00e0 18h. <a href=\"https:\/\/leblizz.qweekle.com\/shop\/leblizz\/ticketing?lang=fr\" target=\"_blank\" rel=\"noopener\">Billetterie en ligne<\/a> ou sur place.La fin des festivit\u00e9s de No\u00ebl<\/p>\n<p class=\" wall-content\">Les festivit\u00e9s de fin d\u2019ann\u00e9e s\u2019ach\u00e8vent. Alors que le March\u00e9 de No\u00ebl a pli\u00e9 bagage, certaines animations restent encore en place quelques jours.<\/p>\n<ul class=\" wall-content\">\n<li><a href=\"https:\/\/actu.fr\/bretagne\/rennes_35238\/la-fete-foraine-de-retour-a-rennes-dates-horaires-maneges-animations-tarif-reduit-les-infos-pratiques_63484478.html\" target=\"_blank\" rel=\"noopener\">La Foire d\u2019hiver<\/a>, esplanade Charles-de-Gaulle, reste accessible <strong>jusqu\u2019au 4\u00a0janvier\u2009;<\/strong><\/li>\n<li>R\u00eave de lumi\u00e8res, spectacle son et lumi\u00e8re, projet\u00e9 sur la fa\u00e7ade de l\u2019H\u00f4tel de ville est visible de 18h \u00e0 21h40, toutes les vingt minutes, tous les jours <strong>jusqu\u2019au 4\u00a0janvier\u2009;<\/strong><\/li>\n<li>le clo\u00eetre du Couvent des Jacobins est ouvert au public<strong> jusqu\u2019au 4\u00a0janvier,<\/strong> avec <a href=\"https:\/\/actu.fr\/bretagne\/rennes_35238\/illuminations-spectacles-degustations-a-rennes-le-couvent-des-jacobins-ouvre-son-cloitre-au-public_63525296.html\" target=\"_blank\" rel=\"noopener\">de nombreuses animations dont des illuminations<\/a>\u2009;<\/li>\n<li>les illuminations de No\u00ebl restent en place dans les rues de la ville<strong> jusqu\u2019au 4\u00a0janvier.<\/strong><\/li>\n<\/ul>\n<p class=\" wall-content\">Personnalisez votre actualit\u00e9 en ajoutant vos villes et m\u00e9dias en favori avec <a href=\"https:\/\/moncompte.actu.fr\" title=\"D\u00e9couvez Mon Actu\" rel=\"nofollow noopener\" data-trk=\"{&quot;cta&quot;:{&quot;action&quot;:&quot;https:\\\/\\\/moncompte.actu.fr&quot;,&quot;category&quot;:&quot;mon compte&quot;,&quot;from&quot;:&quot;article footer&quot;,&quot;name&quot;:&quot;Mon actu&quot;,&quot;type&quot;:&quot;cta&quot;}}\" target=\"_blank\">Mon Actu<\/a>.<\/p>\n<p>                    <script async src=\"\/\/www.instagram.com\/embed.js\"><\/script><\/p>\n","protected":false},"excerpt":{"rendered":"Par Cl\u00e9mence Pays Publi\u00e9 le 2 janv. 2026 \u00e0 16h57 Pour bien commencer l\u2019ann\u00e9e et profiter de ce&hellip;\n","protected":false},"author":2,"featured_media":637446,"comment_status":"","ping_status":"","sticky":false,"template":"","format":"standard","meta":{"footnotes":""},"categories":[2821],"tags":[1111,11,1063,829,1777,674,1011,27,708,1652,12,584,25],"class_list":{"0":"post-637445","1":"post","2":"type-post","3":"status-publish","4":"format-standard","5":"has-post-thumbnail","7":"category-rennes","8":"tag-actu","9":"tag-actualites","10":"tag-animations","11":"tag-bretagne","12":"tag-eu","13":"tag-europe","14":"tag-fr","15":"tag-france","16":"tag-humour","17":"tag-loisirs-culture","18":"tag-news","19":"tag-rennes","20":"tag-republique-francaise"},"share_on_mastodon":{"url":"https:\/\/pubeurope.com\/@fr\/115828890205325110","error":""},"_links":{"self":[{"href":"https:\/\/www.europesays.com\/fr\/wp-json\/wp\/v2\/posts\/637445","targetHints":{"allow":["GET"]}}],"collection":[{"href":"https:\/\/www.europesays.com\/fr\/wp-json\/wp\/v2\/posts"}],"about":[{"href":"https:\/\/www.europesays.com\/fr\/wp-json\/wp\/v2\/types\/post"}],"author":[{"embeddable":true,"href":"https:\/\/www.europesays.com\/fr\/wp-json\/wp\/v2\/users\/2"}],"replies":[{"embeddable":true,"href":"https:\/\/www.europesays.com\/fr\/wp-json\/wp\/v2\/comments?post=637445"}],"version-history":[{"count":0,"href":"https:\/\/www.europesays.com\/fr\/wp-json\/wp\/v2\/posts\/637445\/revisions"}],"wp:featuredmedia":[{"embeddable":true,"href":"https:\/\/www.europesays.com\/fr\/wp-json\/wp\/v2\/media\/637446"}],"wp:attachment":[{"href":"https:\/\/www.europesays.com\/fr\/wp-json\/wp\/v2\/media?parent=637445"}],"wp:term":[{"taxonomy":"category","embeddable":true,"href":"https:\/\/www.europesays.com\/fr\/wp-json\/wp\/v2\/categories?post=637445"},{"taxonomy":"post_tag","embeddable":true,"href":"https:\/\/www.europesays.com\/fr\/wp-json\/wp\/v2\/tags?post=637445"}],"curies":[{"name":"wp","href":"https:\/\/api.w.org\/{rel}","templated":true}]}}