{"id":637447,"date":"2026-01-03T02:49:09","date_gmt":"2026-01-03T02:49:09","guid":{"rendered":"https:\/\/www.europesays.com\/fr\/637447\/"},"modified":"2026-01-03T02:49:09","modified_gmt":"2026-01-03T02:49:09","slug":"un-incendiaire-du-nouvel-an-juge-ce-vendredi-a-strasbourg","status":"publish","type":"post","link":"https:\/\/www.europesays.com\/fr\/637447\/","title":{"rendered":"un incendiaire du Nouvel An jug\u00e9 ce vendredi \u00e0 Strasbourg"},"content":{"rendered":"<p>                    Par<br \/>\n        <strong><br \/>\n            <a href=\"https:\/\/actu.fr\/auteur\/redaction-strasbourg\" title=\"Consulter tous les articles de R\u00e9daction Strasbourg\" target=\"_blank\" rel=\"noopener\">R\u00e9daction Strasbourg<\/a><br \/>\n                    <\/strong><\/p>\n<p>        Publi\u00e9 le<\/p>\n<p>            2 janv. 2026 \u00e0 18h14<br \/>\n        ; mis \u00e0 jour le 2 janv. 2026 \u00e0 18h15    <\/p>\n<p>\u00ab C\u2019est un sport national \u00e0 <strong>Strasbourg<\/strong> \u00bb, a d\u00e9plor\u00e9 la procureure du tribunal judiciaire ce vendredi. Selon la repr\u00e9sentante du minist\u00e8re public, <strong>10 % de toutes les voitures incendi\u00e9es<\/strong> en France durant la soir\u00e9e du <strong>r\u00e9veillon<\/strong> du <a href=\"https:\/\/actu.fr\/societe\/pourquoi-le-nouvel-an-est-il-ferie-en-france-l-histoire-meconnue-derriere-le-1er-janvier_63634053.html\" target=\"_blank\" rel=\"noopener\">Nouvel An<\/a>\u00a0l\u2019ont \u00e9t\u00e9 \u00e0 Strasbourg. <a href=\"https:\/\/actu.fr\/grand-est\/strasbourg_67482\/nouvel-an-a-strasbourg-une-centaine-de-voitures-brulees-plus-de-20-personnes-interpellees_63642239.html\" target=\"_blank\" rel=\"noopener\">Plus de 20 personnes ont \u00e9t\u00e9 interpell\u00e9es<\/a> durant cette soir\u00e9e mouvement\u00e9e. Elles passeront toutes devant le tribunal pour \u00eatre jug\u00e9es, a pr\u00e9cis\u00e9 la procureure.<\/p>\n<p>\u00ab Je voulais faire le con \u00bb<\/p>\n<p class=\" wall-content\">Dans le box du tribunal de Strasbourg ce vendredi 2 janvier, un des incendiaires a \u00e9t\u00e9 jug\u00e9 pour avoir jet\u00e9 un <strong>feu d\u2019artifice<\/strong> enflamm\u00e9 dans un v\u00e9hicule gar\u00e9 rue du Commandant Fran\u00e7ois peu apr\u00e8s minuit le 1er janvier.<\/p>\n<p class=\" wall-content\">\u00ab <strong>J\u2019avais bu et je voulais faire le con<\/strong> \u00bb, s\u2019est d\u00e9fendu le pr\u00e9venu de 22 ans. L\u2019homme sans emploi explique avoir \u00e9t\u00e9 entra\u00een\u00e9 par un groupe crois\u00e9 par hasard dans la rue et qui ne parvenait pas \u00e0 mettre le feu \u00e0 la <strong>Kia<\/strong>. Son intervention n\u2019aura pas permis de d\u00e9truire compl\u00e8tement le v\u00e9hicule.<\/p>\n<p class=\" wall-content\">L\u2019avocate du jeune homme a point\u00e9 la \u00ab\u00a0tr\u00e8s grande immaturit\u00e9\u00a0\u00bb de son client qui \u00e9cope d\u2019une peine de <strong>six mois de prison<\/strong> qu\u2019il purgera \u00e0 domicile sous <strong>bracelet \u00e9lectronique<\/strong>.<\/p>\n<p class=\" wall-content\"><strong>Olivia Kouassi<\/strong><\/p>\n<p class=\" wall-content\">Personnalisez votre actualit\u00e9 en ajoutant vos villes et m\u00e9dias en favori avec <a href=\"https:\/\/moncompte.actu.fr\" title=\"D\u00e9couvez Mon Actu\" rel=\"nofollow noopener\" data-trk=\"{&quot;cta&quot;:{&quot;action&quot;:&quot;https:\\\/\\\/moncompte.actu.fr&quot;,&quot;category&quot;:&quot;mon compte&quot;,&quot;from&quot;:&quot;article footer&quot;,&quot;name&quot;:&quot;Mon actu&quot;,&quot;type&quot;:&quot;cta&quot;}}\" target=\"_blank\">Mon Actu<\/a>.<\/p>\n","protected":false},"excerpt":{"rendered":"Par R\u00e9daction Strasbourg Publi\u00e9 le 2 janv. 2026 \u00e0 18h14 ; mis \u00e0 jour le 2 janv. 2026&hellip;\n","protected":false},"author":2,"featured_media":637448,"comment_status":"","ping_status":"","sticky":false,"template":"","format":"standard","meta":{"footnotes":""},"categories":[2820],"tags":[1111,11,1777,674,118,1011,27,775,303,12,25,640],"class_list":{"0":"post-637447","1":"post","2":"type-post","3":"status-publish","4":"format-standard","5":"has-post-thumbnail","7":"category-strasbourg","8":"tag-actu","9":"tag-actualites","10":"tag-eu","11":"tag-europe","12":"tag-faits-divers","13":"tag-fr","14":"tag-france","15":"tag-grand-est","16":"tag-justice","17":"tag-news","18":"tag-republique-francaise","19":"tag-strasbourg"},"share_on_mastodon":{"url":"https:\/\/pubeurope.com\/@fr\/115828894152465726","error":""},"_links":{"self":[{"href":"https:\/\/www.europesays.com\/fr\/wp-json\/wp\/v2\/posts\/637447","targetHints":{"allow":["GET"]}}],"collection":[{"href":"https:\/\/www.europesays.com\/fr\/wp-json\/wp\/v2\/posts"}],"about":[{"href":"https:\/\/www.europesays.com\/fr\/wp-json\/wp\/v2\/types\/post"}],"author":[{"embeddable":true,"href":"https:\/\/www.europesays.com\/fr\/wp-json\/wp\/v2\/users\/2"}],"replies":[{"embeddable":true,"href":"https:\/\/www.europesays.com\/fr\/wp-json\/wp\/v2\/comments?post=637447"}],"version-history":[{"count":0,"href":"https:\/\/www.europesays.com\/fr\/wp-json\/wp\/v2\/posts\/637447\/revisions"}],"wp:featuredmedia":[{"embeddable":true,"href":"https:\/\/www.europesays.com\/fr\/wp-json\/wp\/v2\/media\/637448"}],"wp:attachment":[{"href":"https:\/\/www.europesays.com\/fr\/wp-json\/wp\/v2\/media?parent=637447"}],"wp:term":[{"taxonomy":"category","embeddable":true,"href":"https:\/\/www.europesays.com\/fr\/wp-json\/wp\/v2\/categories?post=637447"},{"taxonomy":"post_tag","embeddable":true,"href":"https:\/\/www.europesays.com\/fr\/wp-json\/wp\/v2\/tags?post=637447"}],"curies":[{"name":"wp","href":"https:\/\/api.w.org\/{rel}","templated":true}]}}