{"id":637449,"date":"2026-01-03T02:50:18","date_gmt":"2026-01-03T02:50:18","guid":{"rendered":"https:\/\/www.europesays.com\/fr\/637449\/"},"modified":"2026-01-03T02:50:18","modified_gmt":"2026-01-03T02:50:18","slug":"marc-keller-pourrait-bien-demissionner-du-racing-alsasports","status":"publish","type":"post","link":"https:\/\/www.europesays.com\/fr\/637449\/","title":{"rendered":"Marc Keller pourrait bien d\u00e9missionner du Racing \u2014 Alsa&rsquo;Sports"},"content":{"rendered":"<p><strong>De moins en moins en phase avec le projet men\u00e9 par Blue&amp;Co, le Pr\u00e9sident du Racing Club de Strasbourg Marc Keller pourrait bien quitter ses fonctions si le d\u00e9part de Liam Rosenior se confirmait. <\/strong><\/p>\n<p>Une catastrophe peut en cacher une autre. Alors que l\u2019entra\u00eeneur du RCSA Liam Rosenior est sur le point de quitter soudainement le club pour rejoindre Chelsea, dont le poste a \u00e9t\u00e9 laiss\u00e9 vacant ce jeudi 1er janvier apr\u00e8s l\u2019\u00e9viction de Enzo Maresca, les crispations se sont intensifi\u00e9es ces derni\u00e8res heures en interne. Selon nos informations, la d\u00e9cision de Blue&amp;Co de placer Rosenior dans le club phare du projet ne passe pas tr\u00e8s bien en Alsace. Notamment aupr\u00e8s du pr\u00e9sident historique Marc Keller, qui a lui-m\u00eame vendu le club \u00e0 l\u2019\u00e9t\u00e9 2023 mais qui est de moins en moins en phase avec le management des actionnaires am\u00e9ricains. L\u2019\u00e9pisode actuel avec le probable d\u00e9part pr\u00e9cipit\u00e9 de Liam Rosenior sera sans doute celui de trop s\u2019il est amen\u00e9 \u00e0 se confirmer. Marc Keller r\u00e9fl\u00e9chirait alors \u00e0 pr\u00e9senter sa d\u00e9mission et cl\u00f4turerait un magnifique chapitre depuis pr\u00e8s de 15 ans de la pire des mani\u00e8res. <\/p>\n","protected":false},"excerpt":{"rendered":"De moins en moins en phase avec le projet men\u00e9 par Blue&amp;Co, le Pr\u00e9sident du Racing Club de&hellip;\n","protected":false},"author":2,"featured_media":637450,"comment_status":"","ping_status":"","sticky":false,"template":"","format":"standard","meta":{"footnotes":""},"categories":[2820],"tags":[1111,11,1777,674,63,1011,27,775,25323,12,4448,25,640],"class_list":{"0":"post-637449","1":"post","2":"type-post","3":"status-publish","4":"format-standard","5":"has-post-thumbnail","7":"category-strasbourg","8":"tag-actu","9":"tag-actualites","10":"tag-eu","11":"tag-europe","12":"tag-football","13":"tag-fr","14":"tag-france","15":"tag-grand-est","16":"tag-marc-keller","17":"tag-news","18":"tag-rc-strasbourg","19":"tag-republique-francaise","20":"tag-strasbourg"},"share_on_mastodon":{"url":"https:\/\/pubeurope.com\/@fr\/115828898112915898","error":""},"_links":{"self":[{"href":"https:\/\/www.europesays.com\/fr\/wp-json\/wp\/v2\/posts\/637449","targetHints":{"allow":["GET"]}}],"collection":[{"href":"https:\/\/www.europesays.com\/fr\/wp-json\/wp\/v2\/posts"}],"about":[{"href":"https:\/\/www.europesays.com\/fr\/wp-json\/wp\/v2\/types\/post"}],"author":[{"embeddable":true,"href":"https:\/\/www.europesays.com\/fr\/wp-json\/wp\/v2\/users\/2"}],"replies":[{"embeddable":true,"href":"https:\/\/www.europesays.com\/fr\/wp-json\/wp\/v2\/comments?post=637449"}],"version-history":[{"count":0,"href":"https:\/\/www.europesays.com\/fr\/wp-json\/wp\/v2\/posts\/637449\/revisions"}],"wp:featuredmedia":[{"embeddable":true,"href":"https:\/\/www.europesays.com\/fr\/wp-json\/wp\/v2\/media\/637450"}],"wp:attachment":[{"href":"https:\/\/www.europesays.com\/fr\/wp-json\/wp\/v2\/media?parent=637449"}],"wp:term":[{"taxonomy":"category","embeddable":true,"href":"https:\/\/www.europesays.com\/fr\/wp-json\/wp\/v2\/categories?post=637449"},{"taxonomy":"post_tag","embeddable":true,"href":"https:\/\/www.europesays.com\/fr\/wp-json\/wp\/v2\/tags?post=637449"}],"curies":[{"name":"wp","href":"https:\/\/api.w.org\/{rel}","templated":true}]}}