{"id":63745,"date":"2025-04-30T06:55:10","date_gmt":"2025-04-30T06:55:10","guid":{"rendered":"https:\/\/www.europesays.com\/fr\/63745\/"},"modified":"2025-04-30T06:55:10","modified_gmt":"2025-04-30T06:55:10","slug":"toute-lactu-top-music-strasbourg-un-homme-meurt-apres-un-accident-de-trottinette","status":"publish","type":"post","link":"https:\/\/www.europesays.com\/fr\/63745\/","title":{"rendered":"Toute l&rsquo;actu Top Music &#8211; Strasbourg : un homme meurt apr\u00e8s un accident de trottinette"},"content":{"rendered":"<p>Martin  Antoine  &#8211; Directeur de l&rsquo;information<\/p>\n<p>Natif de Metz ( et oui \u00e7a arrive !), Martin ANTOINE est pass\u00e9 par la Normandie et Paris avant de rejoindre l&rsquo;Alsace. Form\u00e9 dans une \u00e9cole de journalisme de la capitale, il a commenc\u00e9 par la radio avant de collaborer avec plusieurs titres de presse \u00e9crite. Martin a rejoint Top Music en 2021 pour pr\u00e9senter les flashs de la matinale dans \u00ab\u00a0On est Tous Debout\u00a0\u00bb. Une \u00e9mission \u00e0 laquelle il participe chaque matin. Depuis ao\u00fbt 2024, Martin est \u00e9galement le Directeur de l&rsquo;Information de la radio. <\/p>\n","protected":false},"excerpt":{"rendered":"Martin Antoine &#8211; Directeur de l&rsquo;information Natif de Metz ( et oui \u00e7a arrive !), Martin ANTOINE est&hellip;\n","protected":false},"author":2,"featured_media":63746,"comment_status":"","ping_status":"","sticky":false,"template":"","format":"standard","meta":{"footnotes":""},"categories":[2820],"tags":[119,1111,11,2389,11133,4309,3983,1777,674,1011,27,775,100,16247,18,12,25,209,7342,640,16246],"class_list":{"0":"post-63745","1":"post","2":"type-post","3":"status-publish","4":"format-standard","5":"has-post-thumbnail","7":"category-strasbourg","8":"tag-accident","9":"tag-actu","10":"tag-actualites","11":"tag-alsace","12":"tag-basrhin","13":"tag-chu","14":"tag-deces","15":"tag-eu","16":"tag-europe","17":"tag-fr","18":"tag-france","19":"tag-grand-est","20":"tag-hopital","21":"tag-montagneverte","22":"tag-mort","23":"tag-news","24":"tag-republique-francaise","25":"tag-route","26":"tag-secours","27":"tag-strasbourg","28":"tag-trotinnette"},"share_on_mastodon":{"url":"https:\/\/pubeurope.com\/@fr\/114425608511720111","error":""},"_links":{"self":[{"href":"https:\/\/www.europesays.com\/fr\/wp-json\/wp\/v2\/posts\/63745","targetHints":{"allow":["GET"]}}],"collection":[{"href":"https:\/\/www.europesays.com\/fr\/wp-json\/wp\/v2\/posts"}],"about":[{"href":"https:\/\/www.europesays.com\/fr\/wp-json\/wp\/v2\/types\/post"}],"author":[{"embeddable":true,"href":"https:\/\/www.europesays.com\/fr\/wp-json\/wp\/v2\/users\/2"}],"replies":[{"embeddable":true,"href":"https:\/\/www.europesays.com\/fr\/wp-json\/wp\/v2\/comments?post=63745"}],"version-history":[{"count":0,"href":"https:\/\/www.europesays.com\/fr\/wp-json\/wp\/v2\/posts\/63745\/revisions"}],"wp:featuredmedia":[{"embeddable":true,"href":"https:\/\/www.europesays.com\/fr\/wp-json\/wp\/v2\/media\/63746"}],"wp:attachment":[{"href":"https:\/\/www.europesays.com\/fr\/wp-json\/wp\/v2\/media?parent=63745"}],"wp:term":[{"taxonomy":"category","embeddable":true,"href":"https:\/\/www.europesays.com\/fr\/wp-json\/wp\/v2\/categories?post=63745"},{"taxonomy":"post_tag","embeddable":true,"href":"https:\/\/www.europesays.com\/fr\/wp-json\/wp\/v2\/tags?post=63745"}],"curies":[{"name":"wp","href":"https:\/\/api.w.org\/{rel}","templated":true}]}}