{"id":637455,"date":"2026-01-03T02:54:15","date_gmt":"2026-01-03T02:54:15","guid":{"rendered":"https:\/\/www.europesays.com\/fr\/637455\/"},"modified":"2026-01-03T02:54:15","modified_gmt":"2026-01-03T02:54:15","slug":"fc-nantes-kombouare-a-failli-faire-son-retour-sur-un-banc","status":"publish","type":"post","link":"https:\/\/www.europesays.com\/fr\/637455\/","title":{"rendered":"FC Nantes : Kombouar\u00e9 a failli faire son retour sur un banc"},"content":{"rendered":"<p><strong>Antoine Kombouar\u00e9 aurait pu faire son retour sur un banc puisqu\u2019il \u00e9tait sur sa short-list des dirigeants de l\u2019OGC Nice pour remplacer Franck Haise. <\/strong><\/p>\n<p>Cette semaine, l\u2019<a href=\"https:\/\/www.butfootballclub.fr\/actualites\/ligue-1\/ogc-nice\/\" data-type=\"link\" data-id=\"https:\/\/www.butfootballclub.fr\/actualites\/ligue-1\/ogc-nice\/\" target=\"_blank\" rel=\"noopener\">OGC Nice<\/a> a chang\u00e9 de coach. D\u2019un commun accord avec ses dirigeants, Franck Haise a quitt\u00e9 son poste d\u2019entra\u00eeneur apr\u00e8s une premi\u00e8re partie de saison catastrophique. C\u2019est Claude Puel, d\u00e9j\u00e0 pass\u00e9 par le club azur\u00e9en entre 2012 et 2016, qui a pris sa succession et esp\u00e8re relancer l\u2019OGCN.<\/p>\n<p>L\u2019OGC Nice a aussi pens\u00e9 \u00e0 Kombouar\u00e9<\/p>\n<p>Ce mercredi soir, Nice-Matin r\u00e9v\u00e8le que l\u2019OGC Nice avait \u00e9galement envisag\u00e9 Antoine Kombouar\u00e9 pour succ\u00e9der \u00e0 Franck Haise. \u00c0 la recherche d\u2019un nouveau challenge depuis son d\u00e9part du <a href=\"https:\/\/www.butfootballclub.fr\/actualites\/ligue-1\/fc-nantes\/\" data-type=\"link\" data-id=\"https:\/\/www.butfootballclub.fr\/actualites\/ligue-1\/fc-nantes\/\" target=\"_blank\" rel=\"noopener\">FC Nantes<\/a> en mai dernier, le technicien de 62 ans faisait partie des options s\u00e9rieuses, tout comme Fr\u00e9d\u00e9ric Antonetti. Toutefois, les dirigeants ni\u00e7ois n\u2019ont finalement pas approfondi ces pistes et ont pr\u00e9f\u00e9r\u00e9 se tourner vers Claude Puel.<\/p>\n<p>Pour Antoine Kombouar\u00e9, cette porte ferm\u00e9e pourrait repr\u00e9senter une opportunit\u00e9 ailleurs dans les prochaines semaines, son profil restant tr\u00e8s appr\u00e9ci\u00e9 en Ligue 1 pour des op\u00e9rations de maintien notamment.<\/p>\n<blockquote class=\"twitter-tweet\" data-width=\"550\" data-dnt=\"true\">\n<p lang=\"fr\" dir=\"ltr\">\ud83d\udea8 L&rsquo;OGC NICE AVAIT PENS\u00c9 \u00c0 ANTOINE KOMBOUAR\u00c9 ! \ud83e\udd2f\u2764\ufe0f\ud83d\udda4<\/p>\n<p>Avant de nommer Claude Puel, l\u2019OGC Nice avait \u00e9tudi\u00e9 le profil d&rsquo;Antoine Kombouar\u00e9 pour succ\u00e9der \u00e0 Franck Haise.<\/p>\n<p>Le technicien \u00e9tait une option s\u00e9rieuse, tout comme Fr\u00e9d\u00e9ric Antonetti, mais le dossier n&rsquo;a finalement pas \u00e9t\u00e9\u2026 <a href=\"https:\/\/t.co\/N1T7pAIsek\">pic.twitter.com\/N1T7pAIsek<\/a><\/p>\n<p>\u2014 Actu Ligue 1 (@ActuL1_) <a href=\"https:\/\/twitter.com\/ActuL1_\/status\/2006847159342416222?ref_src=twsrc%5Etfw\" target=\"_blank\" rel=\"noopener\">January 1, 2026<\/a><\/p><\/blockquote>\n<p> <script async src=\"https:\/\/platform.twitter.com\/widgets.js\" charset=\"utf-8\"><\/script><\/p>\n","protected":false},"excerpt":{"rendered":"Antoine Kombouar\u00e9 aurait pu faire son retour sur un banc puisqu\u2019il \u00e9tait sur sa short-list des dirigeants de&hellip;\n","protected":false},"author":2,"featured_media":637456,"comment_status":"","ping_status":"","sticky":false,"template":"","format":"standard","meta":{"footnotes":""},"categories":[2818],"tags":[1111,11,1777,674,1011,27,766,12,2636,25],"class_list":{"0":"post-637455","1":"post","2":"type-post","3":"status-publish","4":"format-standard","5":"has-post-thumbnail","7":"category-nantes","8":"tag-actu","9":"tag-actualites","10":"tag-eu","11":"tag-europe","12":"tag-fr","13":"tag-france","14":"tag-nantes","15":"tag-news","16":"tag-pays-de-la-loire","17":"tag-republique-francaise"},"share_on_mastodon":{"url":"https:\/\/pubeurope.com\/@fr\/115828913745328436","error":""},"_links":{"self":[{"href":"https:\/\/www.europesays.com\/fr\/wp-json\/wp\/v2\/posts\/637455","targetHints":{"allow":["GET"]}}],"collection":[{"href":"https:\/\/www.europesays.com\/fr\/wp-json\/wp\/v2\/posts"}],"about":[{"href":"https:\/\/www.europesays.com\/fr\/wp-json\/wp\/v2\/types\/post"}],"author":[{"embeddable":true,"href":"https:\/\/www.europesays.com\/fr\/wp-json\/wp\/v2\/users\/2"}],"replies":[{"embeddable":true,"href":"https:\/\/www.europesays.com\/fr\/wp-json\/wp\/v2\/comments?post=637455"}],"version-history":[{"count":0,"href":"https:\/\/www.europesays.com\/fr\/wp-json\/wp\/v2\/posts\/637455\/revisions"}],"wp:featuredmedia":[{"embeddable":true,"href":"https:\/\/www.europesays.com\/fr\/wp-json\/wp\/v2\/media\/637456"}],"wp:attachment":[{"href":"https:\/\/www.europesays.com\/fr\/wp-json\/wp\/v2\/media?parent=637455"}],"wp:term":[{"taxonomy":"category","embeddable":true,"href":"https:\/\/www.europesays.com\/fr\/wp-json\/wp\/v2\/categories?post=637455"},{"taxonomy":"post_tag","embeddable":true,"href":"https:\/\/www.europesays.com\/fr\/wp-json\/wp\/v2\/tags?post=637455"}],"curies":[{"name":"wp","href":"https:\/\/api.w.org\/{rel}","templated":true}]}}