{"id":637457,"date":"2026-01-03T02:56:16","date_gmt":"2026-01-03T02:56:16","guid":{"rendered":"https:\/\/www.europesays.com\/fr\/637457\/"},"modified":"2026-01-03T02:56:16","modified_gmt":"2026-01-03T02:56:16","slug":"top-14-les-compositions-de-bordeaux-begles-racing-92-jalibert-de-retour-fickou-a-laile-tuisova-sur-le-banc","status":"publish","type":"post","link":"https:\/\/www.europesays.com\/fr\/637457\/","title":{"rendered":"Top 14 &#8211; Les compositions de Bordeaux-B\u00e8gles &#8211; Racing 92 : Jalibert de retour, Fickou \u00e0 l&rsquo;aile, Tuisova sur le banc"},"content":{"rendered":"<p>\n                C&rsquo;est le choc de cette 14e journ\u00e9e de Top 14. L&rsquo;UBB re\u00e7oit le Racing 92 \u00e0 Chaban-Delmas, et pourra compter sur son demi d&rsquo;ouverture Matthieu Jalibert, associ\u00e9 \u00e0 son fid\u00e8le demi de m\u00eal\u00e9e Maxime Lucu. Le troisi\u00e8me ligne sud-africain Jean-Luc du Preez sera pour la premi\u00e8re fois align\u00e9 par le staff bordelais sur une feuille de match. En face, Patrice Collazo a choisi de se d\u00e9placer \u00e0 Bordeaux avec une solide \u00e9quipe, et notamment une paire de centres Manu-Habosi.\n            <\/p>\n<p><strong>Le XV de Bordeaux-B\u00e8gles :<\/strong>\u00a015. Buros\u2005; 14. Penaud, 13. Moefana, 12. R.Janse van Rensburg, 11. Uberti\u2005; 10. Jalibert, 9. Lucu (cap.)\u2005; 7. Woki, 8. Matiu, 6. Vergnes-Taillefer\u2005; 5. Cazeaux, 4. Palu\u2005; 3. Sadie, 2. Lamothe, 1. Perchaud.<\/p>\n<p>Rempla\u00e7ants\u2005: 16. Barlot, 17. Poirot, 18. Jacobs, 19. Du Preez, 20. A.Reti\u00e8re, 21. Depoortere, 22. Bielle-Biarrey, 23. Tameifuna.<\/p>\n<p><strong>Le XV du Racing :\u00a0<\/strong>15. S.James\u2005; 14. Ravutaumada, 13. Habosi, 12. Manu, 11. Fickou ; 10. Seunes, 9. Carbonneau\u2005; 7. Lainault, 8. Hughes, 6. Manyarara\u2005; 5. R.Taofifenua (cap.), 4. Hill\u2005: 3. Kharaishvili, 2. Escobar, 1. Gogichashvili.<\/p>\n<p>Rempla\u00e7ants\u2005: 16. Basse, 17. Kolingar, 18. Tagitagivalu, 19. Baudonne, 20. Labarbe, 21. Tuisova, 22. Prisciantelli, 23. Tupou.<\/p>\n","protected":false},"excerpt":{"rendered":"C&rsquo;est le choc de cette 14e journ\u00e9e de Top 14. L&rsquo;UBB re\u00e7oit le Racing 92 \u00e0 Chaban-Delmas, et&hellip;\n","protected":false},"author":2,"featured_media":637458,"comment_status":"","ping_status":"","sticky":false,"template":"","format":"standard","meta":{"footnotes":""},"categories":[2817],"tags":[1111,11,1997,1777,674,1011,27,72393,24802,12,2219,25,68796,478],"class_list":{"0":"post-637457","1":"post","2":"type-post","3":"status-publish","4":"format-standard","5":"has-post-thumbnail","7":"category-bordeaux","8":"tag-actu","9":"tag-actualites","10":"tag-bordeaux","11":"tag-eu","12":"tag-europe","13":"tag-fr","14":"tag-france","15":"tag-gau00ebl-fickou","16":"tag-matthieu-jalibert","17":"tag-news","18":"tag-nouvelle-aquitaine","19":"tag-republique-francaise","20":"tag-rugby-u00e0-xv","21":"tag-top-14"},"share_on_mastodon":{"url":"https:\/\/pubeurope.com\/@fr\/115828921750401833","error":""},"_links":{"self":[{"href":"https:\/\/www.europesays.com\/fr\/wp-json\/wp\/v2\/posts\/637457","targetHints":{"allow":["GET"]}}],"collection":[{"href":"https:\/\/www.europesays.com\/fr\/wp-json\/wp\/v2\/posts"}],"about":[{"href":"https:\/\/www.europesays.com\/fr\/wp-json\/wp\/v2\/types\/post"}],"author":[{"embeddable":true,"href":"https:\/\/www.europesays.com\/fr\/wp-json\/wp\/v2\/users\/2"}],"replies":[{"embeddable":true,"href":"https:\/\/www.europesays.com\/fr\/wp-json\/wp\/v2\/comments?post=637457"}],"version-history":[{"count":0,"href":"https:\/\/www.europesays.com\/fr\/wp-json\/wp\/v2\/posts\/637457\/revisions"}],"wp:featuredmedia":[{"embeddable":true,"href":"https:\/\/www.europesays.com\/fr\/wp-json\/wp\/v2\/media\/637458"}],"wp:attachment":[{"href":"https:\/\/www.europesays.com\/fr\/wp-json\/wp\/v2\/media?parent=637457"}],"wp:term":[{"taxonomy":"category","embeddable":true,"href":"https:\/\/www.europesays.com\/fr\/wp-json\/wp\/v2\/categories?post=637457"},{"taxonomy":"post_tag","embeddable":true,"href":"https:\/\/www.europesays.com\/fr\/wp-json\/wp\/v2\/tags?post=637457"}],"curies":[{"name":"wp","href":"https:\/\/api.w.org\/{rel}","templated":true}]}}