{"id":637471,"date":"2026-01-03T03:04:26","date_gmt":"2026-01-03T03:04:26","guid":{"rendered":"https:\/\/www.europesays.com\/fr\/637471\/"},"modified":"2026-01-03T03:04:26","modified_gmt":"2026-01-03T03:04:26","slug":"les-salaries-de-retour-lundi","status":"publish","type":"post","link":"https:\/\/www.europesays.com\/fr\/637471\/","title":{"rendered":"les salari\u00e9s de retour lundi"},"content":{"rendered":"<p>Les salari\u00e9s de l&rsquo;usine chimique Elkem Silicones, pr\u00e8s de Lyon, se retrouveront sur le site lundi, pour la premi\u00e8re fois depuis l&rsquo;explosion qui a co\u00fbt\u00e9 la vie \u00e0 deux de leurs coll\u00e8gues.<\/p>\n<p>La journ\u00e9e de reprise apr\u00e8s les cong\u00e9s de fin d&rsquo;ann\u00e9e, sera \u00ab\u00a0focalis\u00e9e sur les employ\u00e9s\u00a0\u00bb avec des r\u00e9unions d&rsquo;informations, a indiqu\u00e9 \u00e0 l&rsquo;AFP un porte-parole de l&rsquo;entreprise, Guillaume Artois.<\/p>\n<p>La reprise de la production n&rsquo;est pr\u00e9vue que le lendemain, a-t-il ajout\u00e9.<\/p>\n<p>Le 22 d\u00e9cembre, une explosion est survenue dans un atelier pilote du site, faisant quatre bless\u00e9s: un ing\u00e9nieur chimiste, deux techniciens sp\u00e9cialis\u00e9s et une personne du d\u00e9partement sant\u00e9 environnement. Deux d&rsquo;entre eux, des hommes de 47 et 55 ans, sont d\u00e9c\u00e9d\u00e9s dans les jours qui ont suivi.<\/p>\n<p>L&rsquo;origine de l&rsquo;explosion dans ce site class\u00e9 Seveso seuil haut, situ\u00e9 \u00e0 Saint-Fons, au coeur de la \u00ab\u00a0Vall\u00e9e de la chimie\u00a0\u00bb, au sud de Lyon, est pour l&rsquo;heure encore ind\u00e9termin\u00e9e.<\/p>\n<p>Le parquet de Lyon a ouvert une enqu\u00eate pour blessures involontaires par personne morale et homicide involontaire par personne morale dans le cadre du travail, confi\u00e9e \u00e0 la Division de la criminalit\u00e9 organis\u00e9e sp\u00e9cialis\u00e9e (DCOS) et \u00e0 la Direction d\u00e9partementale de l&#8217;emploi, du travail et des solidarit\u00e9s (DDETS).<\/p>\n<p>Les syndicats CGT et CFDT ont indiqu\u00e9 leur intention de se porter partie civile.<\/p>\n<p>Le directeur de l&rsquo;usine, Jean-Pierre Lerat, avait avanc\u00e9 juste apr\u00e8s l&rsquo;accident que la d\u00e9flagration avait pu \u00eatre caus\u00e9e par une \u00e9manation d&rsquo;hydrog\u00e8ne \u00ab\u00a0dans un atelier exp\u00e9rimental\u00a0\u00bb.<\/p>\n<p>\u00ab\u00a0Il y avait une r\u00e9action qui se passait mal et l&rsquo;\u00e9quipe est intervenue. Pendant l&rsquo;intervention, il y aurait eu une \u00e9mission, probablement d&rsquo;hydrog\u00e8ne gazeux, qui aurait pu d\u00e9clencher l&rsquo;explosion\u00a0\u00bb, avait alors expliqu\u00e9 M. Artois.<\/p>\n<p>Le site a b\u00e9n\u00e9fici\u00e9 d&rsquo;investissements de plus de 25 millions d&rsquo;euros entre 2019 et 2025 pour la s\u00e9curit\u00e9, la pr\u00e9vention des risques industriels, selon une source proche de l&rsquo;entreprise. L&rsquo;atelier pilote, qui avait fait l&rsquo;objet d&rsquo;une inspection une semaine avant l&rsquo;accident, a de son c\u00f4t\u00e9 re\u00e7u un investissement de trois millions d&rsquo;euros au cours des trois derni\u00e8res ann\u00e9es pour le remplacement de mat\u00e9riel et la r\u00e9fection d&rsquo;infrastructures, de m\u00eame source.<\/p>\n","protected":false},"excerpt":{"rendered":"Les salari\u00e9s de l&rsquo;usine chimique Elkem Silicones, pr\u00e8s de Lyon, se retrouveront sur le site lundi, pour la&hellip;\n","protected":false},"author":2,"featured_media":637472,"comment_status":"","ping_status":"","sticky":false,"template":"","format":"standard","meta":{"footnotes":""},"categories":[1889],"tags":[1111,11,2430,1777,674,1011,27,2428,12,25],"class_list":{"0":"post-637471","1":"post","2":"type-post","3":"status-publish","4":"format-standard","5":"has-post-thumbnail","7":"category-lyon","8":"tag-actu","9":"tag-actualites","10":"tag-auvergne-rhone-alpes","11":"tag-eu","12":"tag-europe","13":"tag-fr","14":"tag-france","15":"tag-lyon","16":"tag-news","17":"tag-republique-francaise"},"share_on_mastodon":{"url":"https:\/\/pubeurope.com\/@fr\/115828953082542301","error":""},"_links":{"self":[{"href":"https:\/\/www.europesays.com\/fr\/wp-json\/wp\/v2\/posts\/637471","targetHints":{"allow":["GET"]}}],"collection":[{"href":"https:\/\/www.europesays.com\/fr\/wp-json\/wp\/v2\/posts"}],"about":[{"href":"https:\/\/www.europesays.com\/fr\/wp-json\/wp\/v2\/types\/post"}],"author":[{"embeddable":true,"href":"https:\/\/www.europesays.com\/fr\/wp-json\/wp\/v2\/users\/2"}],"replies":[{"embeddable":true,"href":"https:\/\/www.europesays.com\/fr\/wp-json\/wp\/v2\/comments?post=637471"}],"version-history":[{"count":0,"href":"https:\/\/www.europesays.com\/fr\/wp-json\/wp\/v2\/posts\/637471\/revisions"}],"wp:featuredmedia":[{"embeddable":true,"href":"https:\/\/www.europesays.com\/fr\/wp-json\/wp\/v2\/media\/637472"}],"wp:attachment":[{"href":"https:\/\/www.europesays.com\/fr\/wp-json\/wp\/v2\/media?parent=637471"}],"wp:term":[{"taxonomy":"category","embeddable":true,"href":"https:\/\/www.europesays.com\/fr\/wp-json\/wp\/v2\/categories?post=637471"},{"taxonomy":"post_tag","embeddable":true,"href":"https:\/\/www.europesays.com\/fr\/wp-json\/wp\/v2\/tags?post=637471"}],"curies":[{"name":"wp","href":"https:\/\/api.w.org\/{rel}","templated":true}]}}