{"id":637479,"date":"2026-01-03T03:10:13","date_gmt":"2026-01-03T03:10:13","guid":{"rendered":"https:\/\/www.europesays.com\/fr\/637479\/"},"modified":"2026-01-03T03:10:13","modified_gmt":"2026-01-03T03:10:13","slug":"cest-notre-tresor-comment-la-ratp-veille-sur-sa-collection-de-300-000-photos-anciennes","status":"publish","type":"post","link":"https:\/\/www.europesays.com\/fr\/637479\/","title":{"rendered":"\u00ab\u00a0C\u2019est notre tr\u00e9sor\u00a0\u00bb\u00a0: comment la RATP veille sur sa collection de 300\u00a0000 photos anciennes"},"content":{"rendered":"<p class=\"paragraph text_align_left lp-f-body-02\">Dans les sous-sols du si\u00e8ge <a href=\"https:\/\/www.leparisien.fr\/info-paris-ile-de-france-oise\/transports\/ratp\/\" target=\"_self\" rel=\"noopener\">du groupe RATP<\/a>, quai de la Rap\u00e9e, \u00e0 <a href=\"https:\/\/www.leparisien.fr\/paris-75\/\" target=\"_blank\" rel=\"noreferrer noopener\">Paris<\/a> (<a href=\"https:\/\/www.leparisien.fr\/paris-75\/paris-75012\/\" target=\"_blank\" rel=\"noreferrer noopener\">XIIe<\/a>), une petite pi\u00e8ce est maintenue en permanence \u00e0 17 \u00b0C et 40 % d\u2019humidit\u00e9. \u00c0 l\u2019int\u00e9rieur de ce local, pas moins de 300 000 photos et documents sont conserv\u00e9s avec soin par deux iconographes. \u00ab C\u2019est notre tr\u00e9sor, sourit Estelle Revesche-Pucharski, la responsable. Environ les deux tiers des documents ont \u00e9t\u00e9 num\u00e9ris\u00e9s depuis vingt ans. Avec le temps, les photos jaunissent, les plaques de verre peuvent se fissurer. Nous conservons ici tous les originaux, qui sont sensibles aux variations de temp\u00e9ratures. \u00bb<\/p>\n<p class=\"\">Le fonds court des ann\u00e9es 1890 jusqu\u2019\u00e0 2005. Les \u00e9tag\u00e8res comptent 30 000 plaques de verre, 230 000 n\u00e9gatifs, 2 000 cartes postales\u2026<\/p>\n","protected":false},"excerpt":{"rendered":"Dans les sous-sols du si\u00e8ge du groupe RATP, quai de la Rap\u00e9e, \u00e0 Paris (XIIe), une petite pi\u00e8ce&hellip;\n","protected":false},"author":2,"featured_media":637480,"comment_status":"","ping_status":"","sticky":false,"template":"","format":"standard","meta":{"footnotes":""},"categories":[1888],"tags":[11,1777,674,1011,27,1944,12,626,25,2382],"class_list":{"0":"post-637479","1":"post","2":"type-post","3":"status-publish","4":"format-standard","5":"has-post-thumbnail","7":"category-paris","8":"tag-actualites","9":"tag-eu","10":"tag-europe","11":"tag-fr","12":"tag-france","13":"tag-ma-ville","14":"tag-news","15":"tag-paris","16":"tag-republique-francaise","17":"tag-transport-idf-oise"},"share_on_mastodon":{"url":"https:\/\/pubeurope.com\/@fr\/115828976733429171","error":""},"_links":{"self":[{"href":"https:\/\/www.europesays.com\/fr\/wp-json\/wp\/v2\/posts\/637479","targetHints":{"allow":["GET"]}}],"collection":[{"href":"https:\/\/www.europesays.com\/fr\/wp-json\/wp\/v2\/posts"}],"about":[{"href":"https:\/\/www.europesays.com\/fr\/wp-json\/wp\/v2\/types\/post"}],"author":[{"embeddable":true,"href":"https:\/\/www.europesays.com\/fr\/wp-json\/wp\/v2\/users\/2"}],"replies":[{"embeddable":true,"href":"https:\/\/www.europesays.com\/fr\/wp-json\/wp\/v2\/comments?post=637479"}],"version-history":[{"count":0,"href":"https:\/\/www.europesays.com\/fr\/wp-json\/wp\/v2\/posts\/637479\/revisions"}],"wp:featuredmedia":[{"embeddable":true,"href":"https:\/\/www.europesays.com\/fr\/wp-json\/wp\/v2\/media\/637480"}],"wp:attachment":[{"href":"https:\/\/www.europesays.com\/fr\/wp-json\/wp\/v2\/media?parent=637479"}],"wp:term":[{"taxonomy":"category","embeddable":true,"href":"https:\/\/www.europesays.com\/fr\/wp-json\/wp\/v2\/categories?post=637479"},{"taxonomy":"post_tag","embeddable":true,"href":"https:\/\/www.europesays.com\/fr\/wp-json\/wp\/v2\/tags?post=637479"}],"curies":[{"name":"wp","href":"https:\/\/api.w.org\/{rel}","templated":true}]}}