{"id":637485,"date":"2026-01-03T03:13:22","date_gmt":"2026-01-03T03:13:22","guid":{"rendered":"https:\/\/www.europesays.com\/fr\/637485\/"},"modified":"2026-01-03T03:13:22","modified_gmt":"2026-01-03T03:13:22","slug":"lukraine-ordonne-levacuation-de-3-000-enfants-et-de-leurs-parents-des-regions-de-zaporijjia-et-dnipropetrovsk","status":"publish","type":"post","link":"https:\/\/www.europesays.com\/fr\/637485\/","title":{"rendered":"L&rsquo;Ukraine ordonne l&rsquo;\u00e9vacuation de 3.000 enfants et de leurs parents des r\u00e9gions de Zaporijjia et Dnipropetrovsk"},"content":{"rendered":"<p>Les autorit\u00e9s ukrainiennes ont ordonn\u00e9 vendredi l&rsquo;\u00e9vacuation de plus de 3.000 enfants avec leurs parents d&rsquo;une quarantaine de localit\u00e9s dans les r\u00e9gions de Zaporijjia et Dnipropetrovsk. Les forces russes y ont r\u00e9alis\u00e9 des avanc\u00e9es ces derniers mois.<\/p>\n<p>Les autorit\u00e9s ukrainiennes ont ordonn\u00e9 ce vendredi 2 janvier l&rsquo;\u00e9vacuation de plus de 3.000 enfants avec leurs parents d&rsquo;une quarantaine de localit\u00e9s dans les r\u00e9gions de <a href=\"https:\/\/www.bfmtv.com\/international\/europe\/ukraine\/guerre-en-ukraine-des-frappes-russes-font-au-moins-26-blesses-a-zaporijjia_AD-202512170758.html\" title=\"Guerre en Ukraine: des frappes russes font au moins 32 bless\u00e9s \u00e0 Zaporijjia\" class=\"internal_link\" target=\"_blank\" rel=\"noopener\">Zaporijjia<\/a> et Dnipropetrovsk, o\u00f9 les forces russes ont r\u00e9alis\u00e9 des avanc\u00e9es ces derniers mois.<\/p>\n<p>\u00ab\u00a0En raison de la situation s\u00e9curitaire difficile, il a \u00e9t\u00e9 d\u00e9cid\u00e9 d&rsquo;\u00e9vacuer de force plus de 3.000 enfants et leurs parents de 44 localit\u00e9s situ\u00e9es en premi\u00e8re ligne dans les r\u00e9gions de Zaporijjia et de Dnipropetrovsk\u00a0\u00bb, a indiqu\u00e9 sur Telegram le ministre ukrainien de la Reconstruction Oleksi\u00ef Kouleba.<\/p>\n<p>Pr\u00e8s de 18.000 enfants \u00e9vacu\u00e9s depuis juin<\/p>\n<p>Selon lui, des \u00e9vacuations ont \u00e9galement d\u00e9j\u00e0 eu lieu dans les derniers jours de d\u00e9cembre dans la r\u00e9gion de Tcherniguiv, dans le nord de l&rsquo;Ukraine. \u00ab\u00a0Au total, 150.000 personnes ont \u00e9t\u00e9 \u00e9vacu\u00e9es des zones de front vers des r\u00e9gions plus s\u00fbres depuis le 1er juin (2025). Parmi elles, on compte pr\u00e8s de 18.000 enfants\u00a0\u00bb, a affirm\u00e9 Oleksi\u00ef Kouleba.<\/p>\n<p><img width=\"1\" height=\"1\" class=\"lozad\"  alt=\"Tous les soirs dans Le Titre \u00e0 la Une, d\u00e9couvrez ce qui se cache derri\u00e8re les gros titres. Zacharie Legros vous raconte une histoire, un r\u00e9cit de vie, avec aussi le t\u00e9moignage intime de celles et ceux qui font l'actualit\u00e9.\"\/>\u00ab\u00a0Respectez nos int\u00e9r\u00eats\u00a0\u00bb: la grande conf\u00e9rence de Vladimir Poutine, entre menaces \u00e0 l\u2019occident et confessions intimes<\/p>\n<p>L&rsquo;annonce d&rsquo;\u00e9vacuation de civils par les autorit\u00e9s ukrainiennes donne la mesure de la <a href=\"https:\/\/www.bfmtv.com\/international\/europe\/ukraine\/l-armee-russe-a-realise-en-2025-sa-plus-importante-avancee-depuis-la-premiere-annee-de-la-guerre-en-ukraine_AD-202601020419.html\" title=\"L&#039;arm\u00e9e russe a r\u00e9alis\u00e9 en 2025 sa plus importante avanc\u00e9e depuis la premi\u00e8re ann\u00e9e de la guerre en Ukraine\" class=\"internal_link\" target=\"_blank\" rel=\"noopener\">progression des forces russes sur le front<\/a>, en passe de menacer de nouvelles localit\u00e9s.<\/p>\n<p>La plupart des \u00e9vacuations forc\u00e9es de civils en Ukraine ces derni\u00e8res ann\u00e9es l&rsquo;ont \u00e9t\u00e9 <a href=\"https:\/\/www.bfmtv.com\/international\/europe\/ukraine\/volodymyr-zelensky-affirme-que-washington-propose-aux-ukrainiens-de-se-retirer-de-la-region-de-donetsk_AD-202512110785.html\" title=\"Volodymyr Zelensky affirme que Washington propose aux Ukrainiens de se retirer de la r\u00e9gion de Donetsk\" class=\"internal_link\" target=\"_blank\" rel=\"noopener\">dans la r\u00e9gion orientale de Donetsk<\/a>, o\u00f9 se concentre l&rsquo;essentiel des combats. Mais l&rsquo;arm\u00e9e russe avance aussi dans celle de Dnipropetrovsk o\u00f9 elle a p\u00e9n\u00e9tr\u00e9 \u00e0 l&rsquo;\u00e9t\u00e9 2025 et dans celle de Zaporijjia, o\u00f9 le front \u00e9tait rest\u00e9 fig\u00e9 pendant des ann\u00e9es.<\/p>\n","protected":false},"excerpt":{"rendered":"Les autorit\u00e9s ukrainiennes ont ordonn\u00e9 vendredi l&rsquo;\u00e9vacuation de plus de 3.000 enfants avec leurs parents d&rsquo;une quarantaine de&hellip;\n","protected":false},"author":2,"featured_media":637486,"comment_status":"","ping_status":"","sticky":false,"template":"","format":"standard","meta":{"footnotes":""},"categories":[1590],"tags":[11,1777,674,12,220],"class_list":{"0":"post-637485","1":"post","2":"type-post","3":"status-publish","4":"format-standard","5":"has-post-thumbnail","7":"category-ukraine","8":"tag-actualites","9":"tag-eu","10":"tag-europe","11":"tag-news","12":"tag-ukraine"},"share_on_mastodon":{"url":"https:\/\/pubeurope.com\/@fr\/115828988544582442","error":""},"_links":{"self":[{"href":"https:\/\/www.europesays.com\/fr\/wp-json\/wp\/v2\/posts\/637485","targetHints":{"allow":["GET"]}}],"collection":[{"href":"https:\/\/www.europesays.com\/fr\/wp-json\/wp\/v2\/posts"}],"about":[{"href":"https:\/\/www.europesays.com\/fr\/wp-json\/wp\/v2\/types\/post"}],"author":[{"embeddable":true,"href":"https:\/\/www.europesays.com\/fr\/wp-json\/wp\/v2\/users\/2"}],"replies":[{"embeddable":true,"href":"https:\/\/www.europesays.com\/fr\/wp-json\/wp\/v2\/comments?post=637485"}],"version-history":[{"count":0,"href":"https:\/\/www.europesays.com\/fr\/wp-json\/wp\/v2\/posts\/637485\/revisions"}],"wp:featuredmedia":[{"embeddable":true,"href":"https:\/\/www.europesays.com\/fr\/wp-json\/wp\/v2\/media\/637486"}],"wp:attachment":[{"href":"https:\/\/www.europesays.com\/fr\/wp-json\/wp\/v2\/media?parent=637485"}],"wp:term":[{"taxonomy":"category","embeddable":true,"href":"https:\/\/www.europesays.com\/fr\/wp-json\/wp\/v2\/categories?post=637485"},{"taxonomy":"post_tag","embeddable":true,"href":"https:\/\/www.europesays.com\/fr\/wp-json\/wp\/v2\/tags?post=637485"}],"curies":[{"name":"wp","href":"https:\/\/api.w.org\/{rel}","templated":true}]}}