{"id":637487,"date":"2026-01-03T03:14:11","date_gmt":"2026-01-03T03:14:11","guid":{"rendered":"https:\/\/www.europesays.com\/fr\/637487\/"},"modified":"2026-01-03T03:14:11","modified_gmt":"2026-01-03T03:14:11","slug":"frappes-sur-des-navires-dans-le-pacifique-les-etats-unis-cherchent-des-survivants","status":"publish","type":"post","link":"https:\/\/www.europesays.com\/fr\/637487\/","title":{"rendered":"Frappes sur des navires dans le Pacifique | Les \u00c9tats-Unis cherchent des survivants"},"content":{"rendered":"<p class=\"lead textModule textModule--type-lead \" style=\"\">(Washington) La Garde c\u00f4ti\u00e8re am\u00e9ricaine a d\u00e9clar\u00e9 vendredi qu\u2019elle continuait \u00e0 rechercher des personnes dans l\u2019est de l\u2019oc\u00e9an Pacifique qui avaient saut\u00e9 de bateaux soup\u00e7onn\u00e9s de trafic de drogue lorsque l\u2019arm\u00e9e am\u00e9ricaine avait attaqu\u00e9 ces navires quelques jours plus t\u00f4t, r\u00e9duisant ainsi les chances de survie. <\/p>\n<p>                    Publi\u00e9 \u00e0<br \/>\n    21\u00a0h\u00a047<\/p>\n<p>    <a class=\"print\" href=\"https:\/\/www.lapresse.ca\/international\/2026-01-02\/frappes-sur-des-navires-dans-le-pacifique\/javascript:window.print();\" title=\"Imprimer la page\" target=\"_blank\" rel=\"noopener\"><\/p>\n<p>        <img loading=\"lazy\" decoding=\"async\" width=\"16\" height=\"18\" src=\"https:\/\/www.europesays.com\/fr\/wp-content\/uploads\/2025\/04\/share-icon.png\" alt=\"Partager\"\/><\/p>\n<p>\n                                    Ben\u00a0Finley et Konstantin Toropin<\/p>\n<p>                                                    Associated Press<\/p>\n<p class=\"paragraph textModule textModule--type-paragraph \" style=\"\">Les op\u00e9rations de recherche ont d\u00e9but\u00e9 mardi apr\u00e8s-midi apr\u00e8s que l\u2019arm\u00e9e ait inform\u00e9 les garde-c\u00f4tes que des survivants se trouvaient dans l\u2019eau \u00e0 environ 650\u00a0kilom\u00e8tres au sud-ouest de la fronti\u00e8re entre le Mexique et le Guatemala, a indiqu\u00e9 le service maritime dans un communiqu\u00e9.\u00a0\u00a0<\/p>\n<p class=\"paragraph textModule textModule--type-paragraph \" style=\"\">La garde c\u00f4ti\u00e8re a envoy\u00e9 un avion depuis Sacramento pour fouiller une zone couvrant plus de 1600\u00a0kilom\u00e8tres, tout en \u00e9mettant un avertissement urgent aux navires se trouvant \u00e0 proximit\u00e9. L\u2019agence a d\u00e9clar\u00e9 avoir coordonn\u00e9 plus de 65\u00a0heures d\u2019efforts de recherche, en collaboration avec d\u2019autres pays ainsi qu\u2019avec des navires et des bateaux civils pr\u00e9sents dans la zone.\u00a0\u00a0<\/p>\n<p class=\"paragraph textModule textModule--type-paragraph \" style=\"\">Pendant cette p\u00e9riode, les conditions m\u00e9t\u00e9orologiques ont \u00e9t\u00e9 marqu\u00e9es par des vagues de 2,7\u00a0m\u00e8tres et des vents de 40\u00a0n\u0153uds. Les \u00c9tats-Unis n\u2019ont pas pr\u00e9cis\u00e9 combien de personnes se sont jet\u00e9es \u00e0 l\u2019eau et, si elles ne sont pas retrouv\u00e9es, \u00e0 combien pourrait s\u2019\u00e9lever le nombre de victimes de la campagne men\u00e9e depuis plusieurs mois par l\u2019administration Trump pour faire exploser les petits bateaux accus\u00e9s de transporter de la drogue dans la r\u00e9gion. <\/p>\n<p class=\"epigraph textModule textModule--type-epigraph \" style=\"\">L\u2019arm\u00e9e am\u00e9ricaine a confirm\u00e9 en d\u00e9but de semaine avoir attaqu\u00e9 trois bateaux qui empruntaient des routes connues pour le trafic de drogue et qui \u00ab\u00a0avaient transf\u00e9r\u00e9 des stup\u00e9fiants entre les trois navires avant les frappes\u00a0\u00bb. L\u2019arm\u00e9e n\u2019a fourni aucune preuve \u00e0 l\u2019appui de cette affirmation.\u00a0\u00a0<\/p>\n<p class=\"paragraph textModule textModule--type-paragraph \" style=\"\">Le Commandement Sud des \u00c9tats-Unis, qui supervise la r\u00e9gion, a indiqu\u00e9 que trois personnes avaient \u00e9t\u00e9 tu\u00e9es lorsque le premier bateau a \u00e9t\u00e9 touch\u00e9, tandis que les personnes se trouvant dans les deux autres bateaux ont saut\u00e9 par-dessus bord et se sont \u00e9loign\u00e9es des navires avant qu\u2019ils ne soient attaqu\u00e9s.\u00a0\u00a0<\/p>\n<p class=\"paragraph textModule textModule--type-paragraph \" style=\"\">Les frappes ont eu lieu dans une partie de l\u2019est du Pacifique o\u00f9 la marine n\u2019a aucun navire en service. Le Commandement Sud a d\u00e9clar\u00e9 avoir imm\u00e9diatement averti les garde-c\u00f4tes am\u00e9ricains afin qu\u2019ils lancent des op\u00e9rations de recherche et de sauvetage pour les personnes qui avaient saut\u00e9 par-dessus bord avant que les autres bateaux ne soient touch\u00e9s.\u00a0\u00a0<\/p>\n<p class=\"paragraph textModule textModule--type-paragraph \" style=\"\">Le fait d\u2019avoir fait appel aux garde-c\u00f4tes est remarquable, car l\u2019arm\u00e9e a fait l\u2019objet d\u2019une attention particuli\u00e8re apr\u00e8s que les forces am\u00e9ricaines ont tu\u00e9 les survivants de la premi\u00e8re attaque d\u00e9but septembre lors d\u2019une frappe suppl\u00e9mentaire contre leur bateau hors d\u2019\u00e9tat de fonctionner.\u00a0\u00a0<\/p>\n<p class=\"paragraph textModule textModule--type-paragraph \" style=\"\">Certains l\u00e9gislateurs d\u00e9mocrates et experts juridiques ont d\u00e9clar\u00e9 que l\u2019arm\u00e9e avait commis un crime, tandis que l\u2019administration Trump et certains l\u00e9gislateurs r\u00e9publicains affirment que la frappe suppl\u00e9mentaire \u00e9tait l\u00e9gale.\u00a0\u00a0<\/p>\n<p class=\"paragraph textModule textModule--type-paragraph \" style=\"\">Il y a eu d\u2019autres survivants des frappes contre des bateaux, dont un pour lequel la marine mexicaine a suspendu les recherches fin octobre apr\u00e8s quatre jours. Deux autres survivants d\u2019une frappe contre un navire submersible dans la mer des Cara\u00efbes le m\u00eame mois ont \u00e9t\u00e9 renvoy\u00e9s dans leur pays d\u2019origine, l\u2019\u00c9quateur et la Colombie. Les autorit\u00e9s \u00e9quatoriennes ont ensuite lib\u00e9r\u00e9 l\u2019homme, affirmant qu\u2019elles n\u2019avaient aucune preuve qu\u2019il ait commis un crime dans ce pays d\u2019Am\u00e9rique du Sud. <\/p>\n<p class=\"paragraph textModule textModule--type-paragraph \" style=\"\">Sous la direction du pr\u00e9sident Donald Trump, l\u2019arm\u00e9e am\u00e9ricaine attaque des bateaux dans la mer des Cara\u00efbes et dans l\u2019est du Pacifique depuis le d\u00e9but de septembre. Vendredi, le nombre de frappes connues contre des bateaux s\u2019\u00e9levait \u00e0 35 et le nombre de personnes tu\u00e9es \u00e0 au moins 115, selon les chiffres annonc\u00e9s par l\u2019administration Trump.\u00a0\u00a0<\/p>\n<p class=\"paragraph textModule textModule--type-paragraph \" style=\"\">Donald Trump a justifi\u00e9 ces attaques contre les bateaux comme une escalade n\u00e9cessaire pour endiguer le flux de drogues vers les \u00c9tats-Unis et a affirm\u00e9 que les \u00c9tats-Unis \u00e9taient engag\u00e9s dans un \u00ab\u00a0conflit arm\u00e9\u00a0\u00bb avec les cartels de la drogue.\u00a0\u00a0<\/p>\n<p class=\"paragraph textModule textModule--type-paragraph \" style=\"\">Parall\u00e8lement \u00e0 ces attaques, l\u2019administration Trump a renforc\u00e9 ses forces militaires dans la r\u00e9gion dans le cadre d\u2019une campagne de pression croissante sur le pr\u00e9sident v\u00e9n\u00e9zu\u00e9lien Nicol\u00e1s Maduro, qui a \u00e9t\u00e9 inculp\u00e9 de narcoterrorisme aux \u00c9tats-Unis.\u00a0\u00a0<\/p>\n","protected":false},"excerpt":{"rendered":"(Washington) La Garde c\u00f4ti\u00e8re am\u00e9ricaine a d\u00e9clar\u00e9 vendredi qu\u2019elle continuait \u00e0 rechercher des personnes dans l\u2019est de l\u2019oc\u00e9an&hellip;\n","protected":false},"author":2,"featured_media":637488,"comment_status":"","ping_status":"","sticky":false,"template":"","format":"standard","meta":{"footnotes":""},"categories":[1589],"tags":[11,73,1866,12,1864,1865,1863,308],"class_list":{"0":"post-637487","1":"post","2":"type-post","3":"status-publish","4":"format-standard","5":"has-post-thumbnail","7":"category-etats-unis","8":"tag-actualites","9":"tag-etats-unis","10":"tag-etats-unis-damerique","11":"tag-news","12":"tag-united-states","13":"tag-united-states-of-america","14":"tag-us","15":"tag-usa"},"share_on_mastodon":{"url":"https:\/\/pubeurope.com\/@fr\/115828992504521644","error":""},"_links":{"self":[{"href":"https:\/\/www.europesays.com\/fr\/wp-json\/wp\/v2\/posts\/637487","targetHints":{"allow":["GET"]}}],"collection":[{"href":"https:\/\/www.europesays.com\/fr\/wp-json\/wp\/v2\/posts"}],"about":[{"href":"https:\/\/www.europesays.com\/fr\/wp-json\/wp\/v2\/types\/post"}],"author":[{"embeddable":true,"href":"https:\/\/www.europesays.com\/fr\/wp-json\/wp\/v2\/users\/2"}],"replies":[{"embeddable":true,"href":"https:\/\/www.europesays.com\/fr\/wp-json\/wp\/v2\/comments?post=637487"}],"version-history":[{"count":0,"href":"https:\/\/www.europesays.com\/fr\/wp-json\/wp\/v2\/posts\/637487\/revisions"}],"wp:featuredmedia":[{"embeddable":true,"href":"https:\/\/www.europesays.com\/fr\/wp-json\/wp\/v2\/media\/637488"}],"wp:attachment":[{"href":"https:\/\/www.europesays.com\/fr\/wp-json\/wp\/v2\/media?parent=637487"}],"wp:term":[{"taxonomy":"category","embeddable":true,"href":"https:\/\/www.europesays.com\/fr\/wp-json\/wp\/v2\/categories?post=637487"},{"taxonomy":"post_tag","embeddable":true,"href":"https:\/\/www.europesays.com\/fr\/wp-json\/wp\/v2\/tags?post=637487"}],"curies":[{"name":"wp","href":"https:\/\/api.w.org\/{rel}","templated":true}]}}