{"id":637491,"date":"2026-01-03T03:16:13","date_gmt":"2026-01-03T03:16:13","guid":{"rendered":"https:\/\/www.europesays.com\/fr\/637491\/"},"modified":"2026-01-03T03:16:13","modified_gmt":"2026-01-03T03:16:13","slug":"kalimuendo-envoye-en-allemagne-mateta-et-jacquet-pistes-par-manchester-united","status":"publish","type":"post","link":"https:\/\/www.europesays.com\/fr\/637491\/","title":{"rendered":"Kalimuendo envoy\u00e9 en Allemagne, Mateta et Jacquet pist\u00e9s par Manchester United"},"content":{"rendered":"<p data-start=\"51\" data-end=\"809\">Alors qu\u2019il ne s\u2019est pas vraiment impos\u00e9 en Angleterre du c\u00f4t\u00e9 de Nottingham Forest, l\u2019attaquant fran\u00e7ais Arnaud Kalimuendo, pass\u00e9 par Rennes, Lens ou encore le PSG, devrait quitter la Premier League. Selon Sky Sport Germany, le joueur de 23 ans devrait rejoindre l\u2019Eintracht Francfort sous la forme d\u2019un pr\u00eat avec option d\u2019achat. Toujours selon le m\u00e9dia allemand, l\u2019attaquant devrait passer sa visite m\u00e9dicale dans les prochaines 48 heures. Francfort a rapidement trouv\u00e9 une solution apr\u00e8s le d\u00e9part d\u2019Elye Wahi, pr\u00eat\u00e9 \u00e0 l\u2019OGC Nice pour la deuxi\u00e8me partie de saison. Transf\u00e9r\u00e9 de Rennes \u00e0 Nottingham Forest pour 30 millions d\u2019euros en ao\u00fbt dernier, Kalimuendo n\u2019a marqu\u00e9 que deux buts en 13 apparitions (400 minutes de jeu seulement) avec le club anglais.<\/p>\n<blockquote class=\"twitter-tweet\">\n<p dir=\"ltr\" lang=\"en\">Manchester United are keen on signing Jean-Philippe Mateta if he becomes available.<\/p>\n<p>The Crystal Palace striker will enter the final year of his contract in July and had interest from clubs last summer \ud83d\udc40 <a href=\"https:\/\/t.co\/x7tpqqm0eP\">pic.twitter.com\/x7tpqqm0eP<\/a><\/p>\n<p>\u2014 Sky Sports Premier League (@SkySportsPL) <a href=\"https:\/\/twitter.com\/SkySportsPL\/status\/2006761081394594260?ref_src=twsrc%5Etfw\" target=\"_blank\" rel=\"noopener\">January 1, 2026<\/a><\/p>\n<\/blockquote>\n<p data-start=\"811\" data-end=\"1259\">Manchester United serait \u00e9galement int\u00e9ress\u00e9 par Jean-Philippe Mateta si l\u2019attaquant venait \u00e0 \u00eatre disponible. Le joueur de Crystal Palace, qui entrera dans la derni\u00e8re ann\u00e9e de son contrat en juillet, avait d\u00e9j\u00e0 suscit\u00e9 l\u2019int\u00e9r\u00eat de plusieurs clubs l\u2019\u00e9t\u00e9 dernier. Cette saison, l\u2019international fran\u00e7ais (3 s\u00e9lections, 2 buts) a inscrit 9 buts, dont 7 en championnat, en 28 rencontres, faisant de lui l\u2019un des meilleurs attaquants du Royaume-Uni.<\/p>\n<p data-start=\"1261\" data-end=\"1415\" data-is-last-node=\"\" data-is-only-node=\"\">Toujours d\u2019apr\u00e8s Sky Sports, le jeune d\u00e9fenseur fran\u00e7ais du Stade Rennais, J\u00e9r\u00e9my Jacquet (20 ans), figurerait \u00e9galement sur les tablettes des Red Devils.<\/p>\n<p>Partagez cette info avec vos amis et vos proches en cliquant ici<br \/>Mercato : Kalimuendo envoy\u00e9 en Allemagne, Mateta et Jacquet pist\u00e9s par Manchester United<\/p>\n<p>Kalimuendo quitte Nottingham Forest pour un pr\u00eat \u00e0 Francfort. Pendant ce temps, Manchester United piste Jean-Philippe Mateta, auteur de 9 buts cette saison, et le jeune d\u00e9fenseur rennais J\u00e9r\u00e9my Jacquet pour renforcer son effectif.<\/p>\n<p> <img decoding=\"async\" width=\"76\" height=\"76\" loading=\"lazy\" src=\"https:\/\/static.wui.fr\/images_v3\/avatar-footnational.png\" alt=\"Clement Fradique\"\/><script async src=\"https:\/\/platform.twitter.com\/widgets.js\" charset=\"utf-8\"><\/script><\/p>\n","protected":false},"excerpt":{"rendered":"Alors qu\u2019il ne s\u2019est pas vraiment impos\u00e9 en Angleterre du c\u00f4t\u00e9 de Nottingham Forest, l\u2019attaquant fran\u00e7ais Arnaud Kalimuendo,&hellip;\n","protected":false},"author":2,"featured_media":637492,"comment_status":"","ping_status":"","sticky":false,"template":"","format":"standard","meta":{"footnotes":""},"categories":[1587],"tags":[11,672,1804,1805,1803,64,1777,674,1801,64961,73038,12,1802],"class_list":{"0":"post-637491","1":"post","2":"type-post","3":"status-publish","4":"format-standard","5":"has-post-thumbnail","7":"category-allemagne","8":"tag-actualites","9":"tag-allemagne","10":"tag-bundesrepublik-deutschland","11":"tag-de","12":"tag-deutschland","13":"tag-equipe-de-france","14":"tag-eu","15":"tag-europe","16":"tag-germany","17":"tag-ligue-1-actus","18":"tag-ligue-1-mercato","19":"tag-news","20":"tag-republique-federale-dallemagne"},"share_on_mastodon":{"url":"https:\/\/pubeurope.com\/@fr\/115829000460736799","error":""},"_links":{"self":[{"href":"https:\/\/www.europesays.com\/fr\/wp-json\/wp\/v2\/posts\/637491","targetHints":{"allow":["GET"]}}],"collection":[{"href":"https:\/\/www.europesays.com\/fr\/wp-json\/wp\/v2\/posts"}],"about":[{"href":"https:\/\/www.europesays.com\/fr\/wp-json\/wp\/v2\/types\/post"}],"author":[{"embeddable":true,"href":"https:\/\/www.europesays.com\/fr\/wp-json\/wp\/v2\/users\/2"}],"replies":[{"embeddable":true,"href":"https:\/\/www.europesays.com\/fr\/wp-json\/wp\/v2\/comments?post=637491"}],"version-history":[{"count":0,"href":"https:\/\/www.europesays.com\/fr\/wp-json\/wp\/v2\/posts\/637491\/revisions"}],"wp:featuredmedia":[{"embeddable":true,"href":"https:\/\/www.europesays.com\/fr\/wp-json\/wp\/v2\/media\/637492"}],"wp:attachment":[{"href":"https:\/\/www.europesays.com\/fr\/wp-json\/wp\/v2\/media?parent=637491"}],"wp:term":[{"taxonomy":"category","embeddable":true,"href":"https:\/\/www.europesays.com\/fr\/wp-json\/wp\/v2\/categories?post=637491"},{"taxonomy":"post_tag","embeddable":true,"href":"https:\/\/www.europesays.com\/fr\/wp-json\/wp\/v2\/tags?post=637491"}],"curies":[{"name":"wp","href":"https:\/\/api.w.org\/{rel}","templated":true}]}}