{"id":637493,"date":"2026-01-03T03:17:31","date_gmt":"2026-01-03T03:17:31","guid":{"rendered":"https:\/\/www.europesays.com\/fr\/637493\/"},"modified":"2026-01-03T03:17:31","modified_gmt":"2026-01-03T03:17:31","slug":"space42-realise-son-premier-vol-de-haps-en-europe","status":"publish","type":"post","link":"https:\/\/www.europesays.com\/fr\/637493\/","title":{"rendered":"Space42 r\u00e9alise son premier vol de HAPS en Europe"},"content":{"rendered":"<p style=\"text-align:justify;\">Annonc\u00e9 le 30 d\u00e9cembre, le vol a eu lieu le 12 d\u00e9cembre pour le compte de la filiale espagnole du groupe Telespazio (Telespazio Ib\u00e9rica). Le vol \u00e9tait r\u00e9alis\u00e9 par la plateforme \u00e0 haute altitude (HAPS) ApusNeo18, dont <a href=\"https:\/\/air-cosmos.com\/article\/haps-space42-realise-son-premier-vol-70675\" target=\"_blank\" rel=\"noopener\">le premier vol<\/a> remonte seulement \u00e0 novembre 2025. La plateforme a d\u00e9coll\u00e9 le 12 d\u00e9cembre depuis l\u2019\u00eele de Fuertaventura dans l\u2019archipel des Canaries. L\u2019ApusNeo18 a atteint l\u2019altitude de 610 m. Apr\u00e8s ce premier vol, la campagne inclut des validations par segments. Ainsi l\u2019altitude des vols culminera peu \u00e0 peu \u00e0 16 000 pieds (4880 m), ce qui reste bas pour un engin cens\u00e9 voler dans la stratosph\u00e8re. Les vols vont \u00e9galement s\u2019\u00e9tendre \u00e0 jusqu\u2019\u00e0 48 heures.<\/p>\n<p style=\"text-align:justify;\">La campagne des vols est pour le compte du programme ISSEC port\u00e9 par Telespazio Ib\u00e9rica et Pegasus Aero Group. Le but est de d\u00e9velopper l\u2019infrastructure espagnole de lutte contre les feux de for\u00eat. Pour cela, l\u2019emploi d\u2019un drone capable de survoler les zones sinistr\u00e9es pendant des jours permet de disposer d\u2019une vision multi-capteurs pour g\u00e9rer la trajectoire des incendies et anticiper les d\u00e9parts des feux. Pour am\u00e9liorer la gestion des donn\u00e9es en temps r\u00e9el, Space42 a int\u00e9gr\u00e9 un enrichissement par IA.<\/p>\n<p style=\"text-align:justify;\">L\u2019ApuNeo18 avait vol\u00e9 pour la premi\u00e8re fois en novembre 2025. Le drone a une envergure de 18 m\u00e8tres, une longueur de 12 m et p\u00e8se pr\u00e8s de 45 kilos seulement. Cette l\u00e9g\u00e8ret\u00e9 lui permettra d\u2019atteindre la <a href=\"https:\/\/air-cosmos.com\/article\/la-france-devoile-sa-strategie-tres-haute-altitude-70409\" target=\"_blank\" rel=\"noopener\">Tr\u00e8s Haute Altitude<\/a> (THA), nouveau haut-lieu strat\u00e9gique \u00e0 conqu\u00e9rir.<\/p>\n","protected":false},"excerpt":{"rendered":"Annonc\u00e9 le 30 d\u00e9cembre, le vol a eu lieu le 12 d\u00e9cembre pour le compte de la filiale&hellip;\n","protected":false},"author":2,"featured_media":637494,"comment_status":"","ping_status":"","sticky":false,"template":"","format":"standard","meta":{"footnotes":""},"categories":[1586],"tags":[11,10054,296,2965,10051,10055,37,10050,554,386,1777,674,1011,27,10052,12,25,10053],"class_list":{"0":"post-637493","1":"post","2":"type-post","3":"status-publish","4":"format-standard","5":"has-post-thumbnail","7":"category-europe","8":"tag-actualites","9":"tag-actualites-aeronautique","10":"tag-aeronautique","11":"tag-air","12":"tag-aviation-civile","13":"tag-aviation-magazine","14":"tag-avion","15":"tag-cosmos","16":"tag-defense","17":"tag-espace","18":"tag-eu","19":"tag-europe","20":"tag-fr","21":"tag-france","22":"tag-magazine-aeronautique","23":"tag-news","24":"tag-republique-francaise","25":"tag-revue-aviation"},"share_on_mastodon":{"url":"https:\/\/pubeurope.com\/@fr\/115829004324455389","error":""},"_links":{"self":[{"href":"https:\/\/www.europesays.com\/fr\/wp-json\/wp\/v2\/posts\/637493","targetHints":{"allow":["GET"]}}],"collection":[{"href":"https:\/\/www.europesays.com\/fr\/wp-json\/wp\/v2\/posts"}],"about":[{"href":"https:\/\/www.europesays.com\/fr\/wp-json\/wp\/v2\/types\/post"}],"author":[{"embeddable":true,"href":"https:\/\/www.europesays.com\/fr\/wp-json\/wp\/v2\/users\/2"}],"replies":[{"embeddable":true,"href":"https:\/\/www.europesays.com\/fr\/wp-json\/wp\/v2\/comments?post=637493"}],"version-history":[{"count":0,"href":"https:\/\/www.europesays.com\/fr\/wp-json\/wp\/v2\/posts\/637493\/revisions"}],"wp:featuredmedia":[{"embeddable":true,"href":"https:\/\/www.europesays.com\/fr\/wp-json\/wp\/v2\/media\/637494"}],"wp:attachment":[{"href":"https:\/\/www.europesays.com\/fr\/wp-json\/wp\/v2\/media?parent=637493"}],"wp:term":[{"taxonomy":"category","embeddable":true,"href":"https:\/\/www.europesays.com\/fr\/wp-json\/wp\/v2\/categories?post=637493"},{"taxonomy":"post_tag","embeddable":true,"href":"https:\/\/www.europesays.com\/fr\/wp-json\/wp\/v2\/tags?post=637493"}],"curies":[{"name":"wp","href":"https:\/\/api.w.org\/{rel}","templated":true}]}}