{"id":637495,"date":"2026-01-03T03:18:13","date_gmt":"2026-01-03T03:18:13","guid":{"rendered":"https:\/\/www.europesays.com\/fr\/637495\/"},"modified":"2026-01-03T03:18:13","modified_gmt":"2026-01-03T03:18:13","slug":"video-il-y-a-eu-beaucoup-de-changements-dans-ma-vie-donovan-taofifenua-une-place-a-prendre-apres-la-blessure-de-mael-moustin","status":"publish","type":"post","link":"https:\/\/www.europesays.com\/fr\/637495\/","title":{"rendered":"VIDEO \u00ab\u00a0Il y a eu beaucoup de changements dans ma vie\u00a0\u00bb\u00a0: Donovan Taofifenua, une place \u00e0 prendre apr\u00e8s la blessure de Ma\u00ebl Moustin"},"content":{"rendered":"<p>\n                                                                Donovan Taofifenua, ailier recrut\u00e9 cet \u00e9t\u00e9 par le MHR et en difficult\u00e9 depuis le d\u00e9but de saison, raconte comment il a v\u00e9cu ses premiers mois \u00e0 Montpellier et comment ses deux essais contre la Section Paloise (35-33) lui ont fait un bien fou.\n                            <\/p>\n<p>On imaginait\u00a0son soulagement. Quand il a inscrit ses deux essais contre la Section Paloise (35-33), la semaine derni\u00e8re, Donovan Taofifenua a (en partie) balay\u00e9 six derniers mois bien fades sportivement. \u00ab\u00a0Franchement, je suis heureux. Surtout que j\u2019appr\u00e9hendais un peu ce match. Je m\u2019\u00e9tais un peu bless\u00e9 la semaine avant et il y a eu la coupure de No\u00ebl la semaine de la rencontre. Je ne m\u2019\u00e9tais quasiment pas entra\u00een\u00e9. Au final, \u00e7a s\u2019est tr\u00e8s bien pass\u00e9. Et je me sens de mieux en mieux\u00a0\u00bb, confie, cette semaine, l\u2019ailier de 26 ans, cousin de S\u00e9bastien et Romain Taofifenua.<\/p>\n<p>\u00ab\u00a0Tao\u00a0\u00bb peut enfin \u00eatre plus lib\u00e9r\u00e9 sur le terrain, arr\u00eater de ressasser son coup de pied malheureux \u00e0 Montauban (20-20) en d\u00e9but de saison et des performances en dents de scie, obligeant le staff \u00e0 le mettre au frigo durant deux mois, histoire de se remettre physiquement et mentalement.<\/p>\n<p class=\"std-elt__inline\">\n        <strong>\u00c0 lire aussi :<\/strong><br \/>\n        <a href=\"https:\/\/www.midilibre.fr\/2025\/12\/31\/recrutement-du-mhr-adam-hastings-a-dit-oui-un-international-pour-remplacer-enzo-forletta-on-fait-le-point-13138803.php\" target=\"_blank\" rel=\"noopener\">Recrutement du MHR\u00a0: Adam Hastings a dit oui, un international pour remplacer Enzo Forletta\u00a0? Darmon dans l\u2019incertitude\u2026 On fait le point<\/a>\n    <\/p>\n<p>Le champion du monde U20 de 2019, arriv\u00e9 cet \u00e9t\u00e9 du Racing 92 apr\u00e8s des ann\u00e9es perturb\u00e9es par les blessures, n\u2019a pas v\u00e9cu une ann\u00e9e comme les autres en 2025.<\/p>\n<p>Une place \u00e0 prendre<\/p>\n<p>\u00ab\u00a0Heureusement qu\u2019en fin de\u00a0saison derni\u00e8re, avec le Racing, j\u2019ai pu me remettre dedans. Je sortais de huit mois sans jouer \u00e0 cause de mon ischio-jambier. Et c\u2019est quand j\u2019ai commenc\u00e9 \u00e0 retrouver mes sensations, que je me sentais mieux, que la saison s\u2019est arr\u00eat\u00e9e\u00a0\u00bb, explique l\u2019int\u00e9ress\u00e9 dans un premier temps. \u00ab\u00a0Ensuite, j\u2019ai eu beaucoup de changements dans ma vie. Un d\u00e9m\u00e9nagement, un nouveau club, une blessure rapide en d\u00e9but de saison malgr\u00e9 des bons matches amicaux. Heureusement qu\u2019il y a eu l\u2019arriv\u00e9e de mon fils, \u00e7a m\u2019a fait beaucoup de bien.\u00a0\u00bb<\/p>\n<\/p>\n<p>                    <img decoding=\"async\" class=\"responsive-img\" src=\"https:\/\/www.europesays.com\/fr\/wp-content\/uploads\/2026\/01\/hqdefault.jpg\"\/><br \/>\n                <a class=\"stretched-link\" href=\"#paywall\" rel=\"js-anchor\"><\/p>\n<p>        <\/a><\/p>\n<p>Une fois cette transition dig\u00e9r\u00e9e, Donovan Taofifenua a baiss\u00e9 la t\u00eate et boss\u00e9. Malgr\u00e9 la concurrence des excellents Ma\u00ebl Moustin et Gabriel Ngandebe, il n\u2019a pas mouft\u00e9. \u00ab\u00a0On lui a dit qu\u2019on lui faisait confiance. On a voulu qu\u2019il vienne. Ce n\u2019est pas facile de changer de club et d\u2019\u00eatre papa en m\u00eame temps, et de se blesser tout de suite. Il a des circonstances qui expliquent des choses. Mais c\u2019est un bon mec, comp\u00e9titeur. Il a fait un bon match \u00e0 Pau, mais il peut faire encore mieux. Il s\u2019entra\u00eene tr\u00e8s bien depuis plusieurs semaines. Ma\u00ebl est bless\u00e9, \u00e0 lui d\u2019en profiter\u00a0\u00bb, assure son entra\u00eeneur de l\u2019attaque, Beno\u00eet Paillaugue. Une chance \u00e0 saisir.<\/p>\n","protected":false},"excerpt":{"rendered":"Donovan Taofifenua, ailier recrut\u00e9 cet \u00e9t\u00e9 par le MHR et en difficult\u00e9 depuis le d\u00e9but de saison, raconte&hellip;\n","protected":false},"author":2,"featured_media":637496,"comment_status":"","ping_status":"","sticky":false,"template":"","format":"standard","meta":{"footnotes":""},"categories":[1586],"tags":[11,1777,674,1779,1011,27,7089,2208,12,25,65087,517,1778,364],"class_list":{"0":"post-637495","1":"post","2":"type-post","3":"status-publish","4":"format-standard","5":"has-post-thumbnail","7":"category-europe","8":"tag-actualites","9":"tag-eu","10":"tag-europe","11":"tag-european-union","12":"tag-fr","13":"tag-france","14":"tag-herault","15":"tag-montpellier","16":"tag-news","17":"tag-republique-francaise","18":"tag-rugby-xv","19":"tag-sport","20":"tag-ue","21":"tag-union-europeenne"},"share_on_mastodon":{"url":"https:\/\/pubeurope.com\/@fr\/115829008274981638","error":""},"_links":{"self":[{"href":"https:\/\/www.europesays.com\/fr\/wp-json\/wp\/v2\/posts\/637495","targetHints":{"allow":["GET"]}}],"collection":[{"href":"https:\/\/www.europesays.com\/fr\/wp-json\/wp\/v2\/posts"}],"about":[{"href":"https:\/\/www.europesays.com\/fr\/wp-json\/wp\/v2\/types\/post"}],"author":[{"embeddable":true,"href":"https:\/\/www.europesays.com\/fr\/wp-json\/wp\/v2\/users\/2"}],"replies":[{"embeddable":true,"href":"https:\/\/www.europesays.com\/fr\/wp-json\/wp\/v2\/comments?post=637495"}],"version-history":[{"count":0,"href":"https:\/\/www.europesays.com\/fr\/wp-json\/wp\/v2\/posts\/637495\/revisions"}],"wp:featuredmedia":[{"embeddable":true,"href":"https:\/\/www.europesays.com\/fr\/wp-json\/wp\/v2\/media\/637496"}],"wp:attachment":[{"href":"https:\/\/www.europesays.com\/fr\/wp-json\/wp\/v2\/media?parent=637495"}],"wp:term":[{"taxonomy":"category","embeddable":true,"href":"https:\/\/www.europesays.com\/fr\/wp-json\/wp\/v2\/categories?post=637495"},{"taxonomy":"post_tag","embeddable":true,"href":"https:\/\/www.europesays.com\/fr\/wp-json\/wp\/v2\/tags?post=637495"}],"curies":[{"name":"wp","href":"https:\/\/api.w.org\/{rel}","templated":true}]}}