{"id":637507,"date":"2026-01-03T03:29:10","date_gmt":"2026-01-03T03:29:10","guid":{"rendered":"https:\/\/www.europesays.com\/fr\/637507\/"},"modified":"2026-01-03T03:29:10","modified_gmt":"2026-01-03T03:29:10","slug":"cyclisme-ce-maire-du-lot-et-garonne-prend-les-commandes-de-lemblematique-guidon-agenais-club-desormais-a-la-relance-2","status":"publish","type":"post","link":"https:\/\/www.europesays.com\/fr\/637507\/","title":{"rendered":"Cyclisme\u00a0: ce maire du Lot-et-Garonne prend les commandes de l\u2019embl\u00e9matique Guidon Agenais, club d\u00e9sormais \u00e0 la relance"},"content":{"rendered":"<p>\n                                                                Pas de tr\u00eave des confiseurs pour le Guidon Agenais, qui vient de tenir son assembl\u00e9e g\u00e9n\u00e9rale il y a quelques jours seulement.\n                            <\/p>\n<p>De belles organisations tout au long de l\u2019ann\u00e9e<\/p>\n<p>Les assembl\u00e9es g\u00e9n\u00e9rales sont un temps institutionnel rythmant la vie des associations. Pour le Guidon agenais, la derni\u00e8re en date a \u00e9t\u00e9 l\u2019occasion de faire le bilan des actions \u00e9coul\u00e9es, et en particulier des trois \u00e9preuves organis\u00e9es par le club en 2025\u00a0: le Grand Prix de la Ville d\u2019Agen, le 30\u00a0mars, le 7e Chrono 47 \u00e0 Bruch, le 2\u00a0mai avec une participation record de 71 \u00e9quipes, et le Crit\u00e9rium Marcel Caillau \u00e0 Bruch le 1er\u00a0ao\u00fbt 2025. Quant \u00e0 Gregory Mauri et Cathy Gastou, ils ont offici\u00e9 sur le Tour de France 2025, respectivement comme commissaire moto et arbitre du jury international.<\/p>\n<p>Un nouveau bureau avec un maire aux manettes<\/p>\n<p>Des \u00e9lections au sein du club ont permis de renouveler le Comit\u00e9 directeur. Bernard Sauboi est d\u00e9sormais le pr\u00e9sident de ce club historique, cr\u00e9\u00e9 en 1945. Bernard Sauboi, outre sa charge de maire de Saint-L\u00e9ger, pratique lui-m\u00eame le cyclisme, et s\u2019est align\u00e9 par exemple cette ann\u00e9e, sur l\u2019Etape du Tour 2025, entre Alberville et La\u00a0Plagne.<\/p>\n<p>Il souhaite redonner au club. La composition du bureau est donc la suivante avec, comme pr\u00e9sident, Bernard Sauboi, comme vice-pr\u00e9sidente Eva Gastou, comme tr\u00e9sorier Nicolas Coudray, comme secr\u00e9taire Cathy Gastou, comme membre correspondant avec la FFC Luisita San Martin, et comme d\u00e9l\u00e9gu\u00e9 s\u00e9curit\u00e9 C\u00e9dric Cavalier.<\/p>\n<p>La 8e \u00e9dition du Chrono 47 au mois de mai prochain<\/p>\n<p>Dans les projets de cette nouvelle mandature, figure la 8e \u00e9dition du Chrono 47, \u00e9preuve atypique de contre-la-montre par \u00e9quipes. Toujours avec le soutien sans faille d\u2019Albret Communaut\u00e9, Chrono 47 aura lieu le vendredi 1er\u00a0mai \u00e0 Sos. L\u2019\u00e9preuve est de nouveau labellis\u00e9e par la F\u00e9d\u00e9ration fran\u00e7aise de Cyclisme, et servira de support \u00e0 trois Coupes de France\u00a0: clubs de division N2 hommes et femmes et U19.<\/p>\n<p>Le coup d\u2019envoi de cette nouvelle \u00e9dition a \u00e9t\u00e9 donn\u00e9 le 16\u00a0d\u00e9cembre \u00e0 la mairie de Sos, o\u00f9 s\u2019est tenue la premi\u00e8re r\u00e9union du comit\u00e9 d\u2019organisation. La commune de Sos avait d\u00e9j\u00e0 \u00e9t\u00e9 ville\/d\u00e9part en 2023. Didier Soubiron, maire, et son conseil municipal ont d\u00e9cid\u00e9 de r\u00e9cidiver avec le concours des communes\u00a0avoisinantes\u00a0: R\u00e9aup\/Lisse, Poudenas, Sainte-Maure-de-Peyriac et Saint-P\u00e9-Saint-Simon. Renseignements\u00a0: www.chrono-47.fr. Le comit\u00e9 directeur du Guidon Agenais esp\u00e8re compter sur le concours de tous pour l\u2019accompagner en 2026 dans ses projets.<\/p>\n<p>    Catherine Gastou reste au top mondial<\/p>\n<p>Suite \u00e0 la r\u00e9\u00e9lection de David Lappartient \u00e0 la pr\u00e9sidence de l\u2019Union Cycliste Internationale, Catherine Gastou (au centre de la photo) a \u00e9t\u00e9 nomm\u00e9e pour la 3e fois cons\u00e9cutive comme pr\u00e9sidente de la Commission UCI des Commissaires, soit la plus haute responsabilit\u00e9 en mati\u00e8re d\u2019arbitrage du cyclisme international.<\/p>\n","protected":false},"excerpt":{"rendered":"Pas de tr\u00eave des confiseurs pour le Guidon Agenais, qui vient de tenir son assembl\u00e9e g\u00e9n\u00e9rale il y&hellip;\n","protected":false},"author":2,"featured_media":637508,"comment_status":"","ping_status":"","sticky":false,"template":"","format":"standard","meta":{"footnotes":""},"categories":[1411],"tags":[1154,207,1011,27,8838,74444,517,60],"class_list":{"0":"post-637507","1":"post","2":"type-post","3":"status-publish","4":"format-standard","5":"has-post-thumbnail","7":"category-cyclisme","8":"tag-cycling","9":"tag-cyclisme","10":"tag-fr","11":"tag-france","12":"tag-lot-et-garonne","13":"tag-saintleger","14":"tag-sport","15":"tag-sports"},"share_on_mastodon":{"url":"https:\/\/pubeurope.com\/@fr\/115829051478703963","error":""},"_links":{"self":[{"href":"https:\/\/www.europesays.com\/fr\/wp-json\/wp\/v2\/posts\/637507","targetHints":{"allow":["GET"]}}],"collection":[{"href":"https:\/\/www.europesays.com\/fr\/wp-json\/wp\/v2\/posts"}],"about":[{"href":"https:\/\/www.europesays.com\/fr\/wp-json\/wp\/v2\/types\/post"}],"author":[{"embeddable":true,"href":"https:\/\/www.europesays.com\/fr\/wp-json\/wp\/v2\/users\/2"}],"replies":[{"embeddable":true,"href":"https:\/\/www.europesays.com\/fr\/wp-json\/wp\/v2\/comments?post=637507"}],"version-history":[{"count":0,"href":"https:\/\/www.europesays.com\/fr\/wp-json\/wp\/v2\/posts\/637507\/revisions"}],"wp:featuredmedia":[{"embeddable":true,"href":"https:\/\/www.europesays.com\/fr\/wp-json\/wp\/v2\/media\/637508"}],"wp:attachment":[{"href":"https:\/\/www.europesays.com\/fr\/wp-json\/wp\/v2\/media?parent=637507"}],"wp:term":[{"taxonomy":"category","embeddable":true,"href":"https:\/\/www.europesays.com\/fr\/wp-json\/wp\/v2\/categories?post=637507"},{"taxonomy":"post_tag","embeddable":true,"href":"https:\/\/www.europesays.com\/fr\/wp-json\/wp\/v2\/tags?post=637507"}],"curies":[{"name":"wp","href":"https:\/\/api.w.org\/{rel}","templated":true}]}}