{"id":637511,"date":"2026-01-03T03:31:11","date_gmt":"2026-01-03T03:31:11","guid":{"rendered":"https:\/\/www.europesays.com\/fr\/637511\/"},"modified":"2026-01-03T03:31:11","modified_gmt":"2026-01-03T03:31:11","slug":"bande-de-gaza-la-star-hollywoodienne-angelina-jolie-sest-rendue-au-point-de-passage-de-rafah","status":"publish","type":"post","link":"https:\/\/www.europesays.com\/fr\/637511\/","title":{"rendered":"Bande de Gaza: la star hollywoodienne Angelina Jolie s&rsquo;est rendue au point de passage de Rafah"},"content":{"rendered":"<p class=\"mb-4 text-lg md:leading-8 break-words\">Accompagn\u00e9e d&rsquo;une d\u00e9l\u00e9gation am\u00e9ricaine, l&rsquo;ancienne envoy\u00e9e sp\u00e9ciale du Haut-Commissariat pour les r\u00e9fugi\u00e9s (HCR) s&rsquo;est dite \u00ab honor\u00e9e \u00bb de rencontrer les volontaires des ONG pr\u00e9sentes pr\u00e8s du terminal. \u00ab Des centaines de camions ne font qu&rsquo;attendre \u00bb, a expliqu\u00e9 un b\u00e9n\u00e9vole du Croissant-Rouge \u00e0 l&rsquo;actrice oscaris\u00e9e, qui s&rsquo;est \u00e9galement entretenue avec des chauffeurs de camions humanitaires.<\/p>\n<p class=\"mb-4 text-lg md:leading-8 break-words\">Selon les m\u00e9dias locaux, Angelina Jolie a particip\u00e9 \u00e0 cette visite pour examiner les conditions des Palestiniens bless\u00e9s en provenance de la bande de Gaza ainsi que l&rsquo;acheminement de l&rsquo;aide humanitaire vers l&rsquo;enclave assi\u00e9g\u00e9e. Ni elle, ni les autorit\u00e9s n&rsquo;ont pour l&rsquo;instant communiqu\u00e9 officiellement sur cette visite.<\/p>\n<p class=\"mb-4 text-lg md:leading-8 break-words\">Angelina Jolie, l&rsquo;un des visages les plus embl\u00e9matiques de Hollywood, a renonc\u00e9 \u00e0 son r\u00f4le d&rsquo;envoy\u00e9e sp\u00e9ciale du HCR \u00e0 la fin de l&rsquo;ann\u00e9e 2022 apr\u00e8s plus de 20 ans de service, disant vouloir \u00ab travailler diff\u00e9remment \u00bb et sur des questions humanitaires plus larges. Elle a effectu\u00e9 plus de 60 missions sur le terrain au fil des ans, pr\u00eatant sa c\u00e9l\u00e9brit\u00e9 et la certitude d&rsquo;attirer les m\u00e9dias dans ses d\u00e9placements \u00e0 la cause des r\u00e9fugi\u00e9s.<\/p>\n<p>Un point de passage toujours ferm\u00e9<\/p>\n<p class=\"mb-4 text-lg md:leading-8 break-words\">La r\u00e9ouverture du passage de Rafah, pr\u00e9vue par le plan de paix pour le territoire palestinien et r\u00e9clam\u00e9e de longue date par l&rsquo;ONU et la communaut\u00e9 humanitaire, n&rsquo;a pas \u00e9t\u00e9 autoris\u00e9e par <a data-i13n=\"cpos:1;pos:1\" href=\"https:\/\/www.rfi.fr\/fr\/tag\/isra%C3%ABl\/\" rel=\"nofollow noopener\" target=\"_blank\" data-ylk=\"slk:Isra\u00ebl;cpos:1;pos:1;elm:context_link;itc:0;sec:content-canvas\" class=\"link \"><strong>Isra\u00ebl<\/strong><\/a> depuis l&rsquo;entr\u00e9e en vigueur du cessez-le-feu \u00e0 Gaza le 10 octobre.<\/p>\n<p class=\"mb-4 text-lg md:leading-8 break-words\">Dans un communiqu\u00e9 conjoint publi\u00e9 vendredi 2 janvier, l&rsquo;<a data-i13n=\"cpos:2;pos:1\" href=\"https:\/\/www.rfi.fr\/fr\/tag\/%C3%A9gypte\/\" rel=\"nofollow noopener\" target=\"_blank\" data-ylk=\"slk:\u00c9gypte;cpos:2;pos:1;elm:context_link;itc:0;sec:content-canvas\" class=\"link \"><strong>\u00c9gypte<\/strong><\/a> ainsi que six autres pays \u00e0 majorit\u00e9 musulmane ont \u00ab exig\u00e9 \u00bb qu&rsquo;Isra\u00ebl garantisse les op\u00e9rations humanitaires \u00ab de mani\u00e8re durable, pr\u00e9visible et sans restriction \u00bb, exprimant leur \u00ab profonde inqui\u00e9tude face \u00e0 la d\u00e9t\u00e9rioration de la situation humanitaire \u00bb dans l&rsquo;enclave assi\u00e9g\u00e9e.<\/p>\n<p class=\"mb-4 text-lg md:leading-8 break-words\">Apr\u00e8s l&rsquo;annonce au d\u00e9but du mois de d\u00e9cembre par Isra\u00ebl de l&rsquo;ouverture de ce passage aux seules sorties de Gaza, Le Caire avait rapidement d\u00e9menti avoir accept\u00e9 une telle mesure, insistant pour que ce passage soit ouvert dans les deux sens.<\/p>\n<p class=\"mb-4 text-lg md:leading-8 break-words\">\u00c0 lire aussi <a data-i13n=\"cpos:3;pos:1\" href=\"https:\/\/fr.news.yahoo.com\/point-passage-rafah-entre-gaza-213050740.html\" data-ylk=\"slk:Le point de passage de Rafah, entre Gaza et l&#039;\u00c9gypte, toujours ferm\u00e9 \u00e0 l&#039;aide humanitaire;cpos:3;pos:1;elm:context_link;itc:0;sec:content-canvas;outcm:mb_qualified_link;_E:mb_qualified_link;ct:story;\" class=\"link  yahoo-link\" target=\"_blank\" rel=\"noopener\">Le point de passage de Rafah, entre Gaza et l&rsquo;\u00c9gypte, toujours ferm\u00e9 \u00e0 l&rsquo;aide humanitaire<\/a><\/p>\n","protected":false},"excerpt":{"rendered":"Accompagn\u00e9e d&rsquo;une d\u00e9l\u00e9gation am\u00e9ricaine, l&rsquo;ancienne envoy\u00e9e sp\u00e9ciale du Haut-Commissariat pour les r\u00e9fugi\u00e9s (HCR) s&rsquo;est dite \u00ab honor\u00e9e \u00bb&hellip;\n","protected":false},"author":2,"featured_media":637512,"comment_status":"","ping_status":"","sticky":false,"template":"","format":"standard","meta":{"footnotes":""},"categories":[1359],"tags":[15216,4628,58,59,1011,27,74457,74456,973,58786],"class_list":{"0":"post-637511","1":"post","2":"type-post","3":"status-publish","4":"format-standard","5":"has-post-thumbnail","7":"category-people","8":"tag-angelina-jolie","9":"tag-bande-de-gaza","10":"tag-divertissement","11":"tag-entertainment","12":"tag-fr","13":"tag-france","14":"tag-haut-commissariat","15":"tag-operations-humanitaires","16":"tag-people","17":"tag-point-de-passage"},"share_on_mastodon":{"url":"https:\/\/pubeurope.com\/@fr\/115829059525936913","error":""},"_links":{"self":[{"href":"https:\/\/www.europesays.com\/fr\/wp-json\/wp\/v2\/posts\/637511","targetHints":{"allow":["GET"]}}],"collection":[{"href":"https:\/\/www.europesays.com\/fr\/wp-json\/wp\/v2\/posts"}],"about":[{"href":"https:\/\/www.europesays.com\/fr\/wp-json\/wp\/v2\/types\/post"}],"author":[{"embeddable":true,"href":"https:\/\/www.europesays.com\/fr\/wp-json\/wp\/v2\/users\/2"}],"replies":[{"embeddable":true,"href":"https:\/\/www.europesays.com\/fr\/wp-json\/wp\/v2\/comments?post=637511"}],"version-history":[{"count":0,"href":"https:\/\/www.europesays.com\/fr\/wp-json\/wp\/v2\/posts\/637511\/revisions"}],"wp:featuredmedia":[{"embeddable":true,"href":"https:\/\/www.europesays.com\/fr\/wp-json\/wp\/v2\/media\/637512"}],"wp:attachment":[{"href":"https:\/\/www.europesays.com\/fr\/wp-json\/wp\/v2\/media?parent=637511"}],"wp:term":[{"taxonomy":"category","embeddable":true,"href":"https:\/\/www.europesays.com\/fr\/wp-json\/wp\/v2\/categories?post=637511"},{"taxonomy":"post_tag","embeddable":true,"href":"https:\/\/www.europesays.com\/fr\/wp-json\/wp\/v2\/tags?post=637511"}],"curies":[{"name":"wp","href":"https:\/\/api.w.org\/{rel}","templated":true}]}}