{"id":637513,"date":"2026-01-03T03:32:37","date_gmt":"2026-01-03T03:32:37","guid":{"rendered":"https:\/\/www.europesays.com\/fr\/637513\/"},"modified":"2026-01-03T03:32:37","modified_gmt":"2026-01-03T03:32:37","slug":"le-photographe-jean-roy-vous-livre-ses-images-marquantes-de-2025","status":"publish","type":"post","link":"https:\/\/www.europesays.com\/fr\/637513\/","title":{"rendered":"Le photographe Jean Roy vous livre ses images marquantes de 2025"},"content":{"rendered":"<p><img decoding=\"async\" data-chromatic=\"ignore\" alt=\"\" class=\"c-image\" loading=\"lazy\" src=\"https:\/\/www.europesays.com\/fr\/wp-content\/uploads\/2026\/01\/RFCEOJBUUBFN5PTV5DVTRRFEQQ.jpg\"  width=\"800\" height=\"533\"\/>Cette ann\u00e9e encore, le r\u00e9servoir d\u2019eau embl\u00e9matique de Rock Forest (la \u00abBoule\u00bb) s&rsquo;est transform\u00e9 en diff\u00e9rents personnages pour Halloween. (Jean Roy\/La Tribune) <img decoding=\"async\" data-chromatic=\"ignore\" alt=\"\" class=\"c-image\" loading=\"lazy\" src=\"https:\/\/www.europesays.com\/fr\/wp-content\/uploads\/2026\/01\/SRHUEQUUPRDLFONUIBXRFNU3PY.jpg\"  width=\"800\" height=\"533\"\/>Salle comble lors de la demi-finale entre les Nordiques de Lionel-Groulx qui visitaient les Volontaires du C\u00e9gep de Sherbrooke au Plateau Sylvie-Daigle. (Jean Roy\/La Tribune) <img decoding=\"async\" data-chromatic=\"ignore\" alt=\"\" class=\"c-image\" loading=\"lazy\" src=\"https:\/\/www.europesays.com\/fr\/wp-content\/uploads\/2026\/01\/NJO4I4B3AFDURPZ5U24V4PKT2U.jpg\"  width=\"800\" height=\"533\"\/>L\u2019ancienne ministre lib\u00e9rale \u00e0 Ottawa Marie-Claude Bibeau a c\u00e9l\u00e9br\u00e9 une victoire convaincante, devenant ainsi la toute nouvelle mairesse de Sherbrooke. (Jean Roy\/Archives La Tribune) <img decoding=\"async\" data-chromatic=\"ignore\" alt=\"\" class=\"c-image\" loading=\"lazy\" src=\"https:\/\/www.europesays.com\/fr\/wp-content\/uploads\/2026\/01\/HBWLML6RDJHD5AQNQE7YPD35IM.jpg\"  width=\"800\" height=\"533\"\/>Les Canadiens devront passer par la porte arri\u00e8re de la biblioth\u00e8que Haskell \u00e0 Stanstead.<br \/>\nPenny Thomas, r\u00e9sidente du Vermont, a exprim\u00e9 son m\u00e9contentement face \u00e0 la d\u00e9cision de son gouvernement.  (Jean Roy\/Archives La Tribune) <img decoding=\"async\" data-chromatic=\"ignore\" alt=\"\" class=\"c-image\" loading=\"lazy\" src=\"https:\/\/www.europesays.com\/fr\/wp-content\/uploads\/2026\/01\/BW7QQ5PQ5VC23HFHNZ4NABFKBA.jpg\"  width=\"800\" height=\"533\"\/>Les prouesses des \u00e9toiles du t\u00e9l\u00e9crochet R\u00e9volution occupent la sc\u00e8ne du Centre culturel de l\u2019Universit\u00e9 de Sherbrooke. (Jean Roy\/La Tribune) <img decoding=\"async\" data-chromatic=\"ignore\" alt=\"\" class=\"c-image\" loading=\"lazy\" src=\"https:\/\/www.europesays.com\/fr\/wp-content\/uploads\/2026\/01\/TTYD2S7LM5GIZOALFTETQGH32U.jpg\"  width=\"800\" height=\"533\"\/>Un immeuble de cinq logements incendi\u00e9 sur la rue Laurier, au centre-ville de Sherbrooke.<br \/>\n (Jean Roy\/La Tribune) <img decoding=\"async\" data-chromatic=\"ignore\" alt=\"\" class=\"c-image\" loading=\"lazy\" src=\"https:\/\/www.europesays.com\/fr\/wp-content\/uploads\/2026\/01\/RPLCANYNWVDKPDQADT6QPMPTUM.jpg\"  width=\"800\" height=\"533\"\/>Le spectacle de Dear Rouge au Sherblues a \u00e9lectris\u00e9 la foule.  (Jean Roy\/La Tribune) <img decoding=\"async\" data-chromatic=\"ignore\" alt=\"\" class=\"c-image\" loading=\"lazy\" src=\"https:\/\/www.europesays.com\/fr\/wp-content\/uploads\/2026\/01\/SSLVYQUJBJFFBLH2FDWQJG26EM.jpg\"  width=\"800\" height=\"533\"\/>Sara Dufour sur la Grande sc\u00e8ne au Sherblues. (Jean Roy\/Archives La Tribune) <img decoding=\"async\" data-chromatic=\"ignore\" alt=\"\" class=\"c-image\" loading=\"lazy\" src=\"https:\/\/www.europesays.com\/fr\/wp-content\/uploads\/2026\/01\/EQPC45DHWJDSRKR6ZMPVVFEDEA.jpg\"  width=\"800\" height=\"533\"\/>Sur la grande sc\u00e8ne du Sherblues, Lou-Adriane Cassidy a encha\u00een\u00e9 ses chansons avec une intensit\u00e9 d\u00e9sarmante, port\u00e9e par une interpr\u00e9tation authentique. (Jean Roy\/Archives La Tribune) <img decoding=\"async\" data-chromatic=\"ignore\" alt=\"\" class=\"c-image\" loading=\"lazy\" src=\"https:\/\/www.europesays.com\/fr\/wp-content\/uploads\/2026\/01\/OK6MJY7WZZHO3KEW33WP5RVWME.jpg\"  width=\"800\" height=\"533\"\/>Papa Roach a enflamm\u00e9 la Grande Sc\u00e8ne \u00e0 la F\u00eate du Lac des Nations avec une performance explosive qui a fait vibrer les fans de rock alternatif. (Jean Roy\/La Tribune) <img decoding=\"async\" data-chromatic=\"ignore\" alt=\"\" class=\"c-image\" loading=\"lazy\" src=\"https:\/\/www.europesays.com\/fr\/wp-content\/uploads\/2026\/01\/XFHOK5ETXRGA7LANII2EAINMYQ.jpg\"  width=\"800\" height=\"533\"\/>Avec ses rythmes accrocheurs et son \u00e9nergie d\u00e9bordante, Fouki a livr\u00e9 un spectacle festif \u00e0 l\u2019image de son univers color\u00e9, sur la Grande sc\u00e8ne de la F\u00eate du Lac des Nations  (Jean Roy\/La Tribune) <img decoding=\"async\" data-chromatic=\"ignore\" alt=\"\" class=\"c-image\" loading=\"lazy\" src=\"https:\/\/www.europesays.com\/fr\/wp-content\/uploads\/2026\/01\/5NELYZV2K5DJ3MEISDFFU32CYI.jpg\"  width=\"800\" height=\"533\"\/>Ja Rule a fait vibrer la Grande Sc\u00e8ne de la F\u00eate du Lac des Nations avec une performance exaltante. (Jean Roy\/La Tribune) <img decoding=\"async\" data-chromatic=\"ignore\" alt=\"\" class=\"c-image\" loading=\"lazy\" src=\"https:\/\/www.europesays.com\/fr\/wp-content\/uploads\/2026\/01\/3MQWVTB3SJFG7P7IELH2B3JTRA.jpg\"  width=\"800\" height=\"533\"\/>Des gens heureux lors du passage de Dan Desnoyers sur la sc\u00e8ne Bell lors de la F\u00eate du Lac des Nations. (Jean Roy\/La Tribune) <img decoding=\"async\" data-chromatic=\"ignore\" alt=\"\" class=\"c-image\" loading=\"lazy\" src=\"https:\/\/www.europesays.com\/fr\/wp-content\/uploads\/2026\/01\/ZM4WSXPYJFHPLGSU652DDTE2BI.jpg\"  width=\"800\" height=\"533\"\/>L&rsquo;incendie de la Meunerie Sawyerville a profond\u00e9ment touch\u00e9 la communaut\u00e9. (Jean Roy\/La Tribune) <img decoding=\"async\" data-chromatic=\"ignore\" alt=\"\" class=\"c-image\" loading=\"lazy\" src=\"https:\/\/www.europesays.com\/fr\/wp-content\/uploads\/2026\/01\/TL6TECVXJVACRGRWTO5KQ2I5NA.jpg\"  width=\"800\" height=\"600\"\/>L\u2019institution centenaire de Cookshire-Eaton a \u00e9t\u00e9 victime d\u2019un violent incendie. (Jean Roy\/La Tribune) <img decoding=\"async\" data-chromatic=\"ignore\" alt=\"\" class=\"c-image\" loading=\"lazy\" src=\"https:\/\/www.europesays.com\/fr\/wp-content\/uploads\/2026\/01\/VLRKMEEVHRA5LLCFH2IV3YCGKY.jpg\"  width=\"800\" height=\"533\"\/>Une femme a \u00e9t\u00e9 sauv\u00e9e des flammes par un pompier sur la rue Saint-Patrice Ouest \u00e0 Magog. (Jean Roy\/La Tribune) <img decoding=\"async\" data-chromatic=\"ignore\" alt=\"\" class=\"c-image\" loading=\"lazy\" src=\"https:\/\/www.europesays.com\/fr\/wp-content\/uploads\/2026\/01\/BGMEEK77YFEMFESBBEZTQKZWDQ.jpg\"  width=\"800\" height=\"533\"\/>Ce sont 65,8 % des \u00e9tudiants en m\u00e9decine de l\u2019Universit\u00e9 de Sherbrooke qui ont vot\u00e9 en faveur d\u2019un mandat de gr\u00e8ve en r\u00e9ponse \u00e0 l\u2019adoption sous b\u00e2illon de la loi 2. (Jean Roy\/La Tribune) <img decoding=\"async\" data-chromatic=\"ignore\" alt=\"\" class=\"c-image\" loading=\"lazy\" src=\"https:\/\/www.europesays.com\/fr\/wp-content\/uploads\/2026\/01\/CKRCDJHDUFBHFKHG437LJIENFU.jpg\"  width=\"800\" height=\"533\"\/>Le gardien des Olympiques de Gatineau Nathan St-Pierre. (Jean Roy\/Archives La Tribune) <img decoding=\"async\" data-chromatic=\"ignore\" alt=\"\" class=\"c-image\" loading=\"lazy\" src=\"https:\/\/www.europesays.com\/fr\/wp-content\/uploads\/2026\/01\/XUE5YJ35EFF4DFGKQ75DIN2W6U.jpg\"  width=\"800\" height=\"533\"\/>Le Vert &amp; Or de l&rsquo;Universit\u00e9 de Sherbrooke tente d\u2019arr\u00eater la machine de football qu&rsquo;est Le Rouge et Or de l&rsquo;Universit\u00e9 Laval. (Jean Roy\/La Tribune) <img decoding=\"async\" data-chromatic=\"ignore\" alt=\"\" class=\"c-image\" loading=\"lazy\" src=\"https:\/\/www.europesays.com\/fr\/wp-content\/uploads\/2026\/01\/BMTP34H63JBPJO4LO5Q6RAWRKY.jpg\"  width=\"800\" height=\"533\"\/>Spectacle du groupe B.A.R.F. \u00e0 la microbrasserie Hop Station de Coaticook. (Jean Roy\/La Tribune) <\/p>\n<p class=\"article-bodystyled__StyledText-sc-19uhgql-0 bGeyRM body-paragraph\" id=\"content-element-DO7GHCZNIJCDPJYKH7JTLOSHIQ\">Certaines de ces photos ont \u00e9t\u00e9 s\u00e9lectionn\u00e9es parce qu\u2019elles ont \u00e9t\u00e9 saisies au vol lors d\u2019un moment fugace, qui n\u2019a dur\u00e9 qu\u2019une poign\u00e9e de secondes. D\u2019autres ont \u00e9t\u00e9 prises dans des conditions difficiles: foule dense, neige, soleil \u00e0 contre-jour, vent glacial ou sujet constamment en mouvement.<\/p>\n<p class=\"article-bodystyled__StyledText-sc-19uhgql-0 bGeyRM body-paragraph\" id=\"content-element-G7YL2FG24BFF5IZLJTFQWAXMWU\">Certaines ont \u00e9t\u00e9 travaill\u00e9es avec le sujet. Elles sont plus artistiques. Le photographe a eu plus de temps pour saisir l\u2019image parfaite.<\/p>\n<p class=\"article-bodystyled__StyledText-sc-19uhgql-0 bGeyRM body-paragraph\" id=\"content-element-MO4VVX27S5ADBE7KQ65KOMVBZE\">Mais dans tous les cas, une constante demeure: elles d\u00e9gagent une \u00e9motion, un moment charg\u00e9 de vie et d\u2019histoire.<\/p>\n","protected":false},"excerpt":{"rendered":"Cette ann\u00e9e encore, le r\u00e9servoir d\u2019eau embl\u00e9matique de Rock Forest (la \u00abBoule\u00bb) s&rsquo;est transform\u00e9 en diff\u00e9rents personnages pour&hellip;\n","protected":false},"author":2,"featured_media":637514,"comment_status":"","ping_status":"","sticky":false,"template":"","format":"standard","meta":{"footnotes":""},"categories":[1358],"tags":[1348,1384,1385,1386,58,59,1011,27,74458],"class_list":{"0":"post-637513","1":"post","2":"type-post","3":"status-publish","4":"format-standard","5":"has-post-thumbnail","7":"category-arts-et-design","8":"tag-arts","9":"tag-arts-and-design","10":"tag-arts-et-design","11":"tag-design","12":"tag-divertissement","13":"tag-entertainment","14":"tag-fr","15":"tag-france","16":"tag-le-rouge-et-or-de-luniversite-laval-visite-le-vert-or-footba"},"share_on_mastodon":{"url":"https:\/\/pubeurope.com\/@fr\/115829064028411495","error":""},"_links":{"self":[{"href":"https:\/\/www.europesays.com\/fr\/wp-json\/wp\/v2\/posts\/637513","targetHints":{"allow":["GET"]}}],"collection":[{"href":"https:\/\/www.europesays.com\/fr\/wp-json\/wp\/v2\/posts"}],"about":[{"href":"https:\/\/www.europesays.com\/fr\/wp-json\/wp\/v2\/types\/post"}],"author":[{"embeddable":true,"href":"https:\/\/www.europesays.com\/fr\/wp-json\/wp\/v2\/users\/2"}],"replies":[{"embeddable":true,"href":"https:\/\/www.europesays.com\/fr\/wp-json\/wp\/v2\/comments?post=637513"}],"version-history":[{"count":0,"href":"https:\/\/www.europesays.com\/fr\/wp-json\/wp\/v2\/posts\/637513\/revisions"}],"wp:featuredmedia":[{"embeddable":true,"href":"https:\/\/www.europesays.com\/fr\/wp-json\/wp\/v2\/media\/637514"}],"wp:attachment":[{"href":"https:\/\/www.europesays.com\/fr\/wp-json\/wp\/v2\/media?parent=637513"}],"wp:term":[{"taxonomy":"category","embeddable":true,"href":"https:\/\/www.europesays.com\/fr\/wp-json\/wp\/v2\/categories?post=637513"},{"taxonomy":"post_tag","embeddable":true,"href":"https:\/\/www.europesays.com\/fr\/wp-json\/wp\/v2\/tags?post=637513"}],"curies":[{"name":"wp","href":"https:\/\/api.w.org\/{rel}","templated":true}]}}