{"id":637515,"date":"2026-01-03T03:34:12","date_gmt":"2026-01-03T03:34:12","guid":{"rendered":"https:\/\/www.europesays.com\/fr\/637515\/"},"modified":"2026-01-03T03:34:12","modified_gmt":"2026-01-03T03:34:12","slug":"lci-direct-du-vendredi-2-janvier-2026-tf1-info","status":"publish","type":"post","link":"https:\/\/www.europesays.com\/fr\/637515\/","title":{"rendered":"LCI Direct du vendredi 2 janvier 2026 &#8211; TF1 Info"},"content":{"rendered":"<ol>\n<li><a href=\"https:\/\/news.google.com\/rss\/articles\/CBMipgFBVV95cUxPZ09wV1Bkd0hoejNoSVhUb0xsdzB2YVhRWlVxNEtPeTlwU1dLclZrYVM1MnFlQUxwNjk5VVZXOWI1aWtpb0Z3bEkzeGVzY2w2RHRyRWhXc0hVb2xzYmViOGhSQ2QwV005V2RSeERaOUd3SHh0U1lPWTJxY01hWGt1UWVWNlB3MjFuYVkzaTE2VUFUcU81amw2VXFleGVZQnZWd3lhWjZ3?oc=5\" target=\"_blank\" rel=\"noopener\">LCI Direct du vendredi 2 janvier 2026<\/a>&nbsp;&nbsp;TF1 Info<\/li>\n<li><a href=\"https:\/\/news.google.com\/rss\/articles\/CBMi1wJBVV95cUxPdWpiRUZMeWpRNEhLa3M1QXNpc1drdE5QeXZsaVVqUW9OczdIOWlVUEpQYUV1LW5uV0tacnJpSkM5aWlrVUVSQUt0MGlJbmNXY3NzSVlQM0Y4ek5UUW4zSld3ZkFGM0VkQ3dycUh3LWpPYWVyN1k0QVJpX0JCNDI1Wi1QNmZUNnF2bG01QlRJYi0wV2w3SmxjTFdrRm4waVBHWF9HdGc4ZzhnRG82enJKN2hOX1NxN3lfeGk5cTBYc0xUSnN5UFd1T0NvM2ljRTV5VVczNVQxeFBCbGZZbmExeEhsSnRpRWI4TDZlX0t0Zm0zRmVwNjJvM3VkYTRsaV9GT2Q3cEs4b2lydHl6YXZFc3R2T1BUYUxNU3ZIaF81dmJiLWp0Y1RYNjJYd2FHRlMyVGdMaU5CdlZxZHBCZFM0Y0x6UnlEbGFFa19FLWJ4V2JoQXNxdjRF?oc=5\" target=\"_blank\" rel=\"noopener\">Incendie en Suisse, \u00e0 Crans-Montana : le dernier bilan fait \u00e9tat de 40 personnes tu\u00e9es et 119 bless\u00e9es, des \u00ab bougies et des feux de Bengale \u00bb au c\u0153ur de l\u2019enqu\u00eate<\/a>&nbsp;&nbsp;Le Monde.fr<\/li>\n<li><a href=\"https:\/\/news.google.com\/rss\/articles\/CBMi8AFBVV95cUxQSWwzMVYtNW9MVXFiWVpmcjdDWXdSWTNtTDRpX2wxUHAwT0JrMkdFMWpJTVlsQmIwdWYyTXZFWDJaMEtHQkc3WGVSY1VoNUhTVjZBM296cmF5R2JmaUVQM0Z5LUVYN09GcHQzUkhIT1hGZXl1VTZjUi16LVl6VU95OHJzUTJjd0ZHSHBUYXJWTGN3TWY2U2dHM2lLTTZwUnVVTTlRd0VSbExDazgxaDc1cXI1d01RekhiaHp2SkdsbFpvVWVNVTY5TGFVeG1QbUhRZlZBME9RWjI3TjNsR2Y0cm9RM05nOEgzT3pHWWFjU0c?oc=5\" target=\"_blank\" rel=\"noopener\">Incendie de Crans-Montana : le g\u00e9rant du bar Le Constellation d\u00e9favorablement connu de la justice fran\u00e7aise<\/a>&nbsp;&nbsp;Le Parisien<\/li>\n<li><a href=\"https:\/\/news.google.com\/rss\/articles\/CBMi_gFBVV95cUxOWEtTaXhZNVlwTVJlOG4xMmJhbWlzZ0dJWS1yb3FVbVRQc2tDM2xzUjRYRkRURFFQWXdKNERQWXd4VjJ3OURiWnRBNGVJQ1VHVDZvbHJobkxKeC1PMS0wUDVEX0lUTjNjSElkdjRHX3d0NXZpR2l0OGh6RXdkclRlS050VUYtZ0wxSEh3eWtnZmI1aVIyVFZrdlFVMk1sUTIxTTZpYXUtcUxpOVN5ZDFGSWxYTTJmLWYtRFhmeV8wekRVZDV5NERtTGEzUDlNYVZsMVVIaDhKZEdmUU5jWmF6Q0lPNmZ0NTBDd0lEZ0h4UDZFbHI1T2RTcjNGdVRLdw?oc=5\" target=\"_blank\" rel=\"noopener\">Tahirys Dos Santos (Metz), br\u00fbl\u00e9 au deuxi\u00e8me degr\u00e9 dans l&rsquo;incendie de Crans-Montana, est tojours soign\u00e9 en Allemagne<\/a>&nbsp;&nbsp;L&rsquo;\u00c9quipe<\/li>\n<li><a href=\"https:\/\/news.google.com\/rss\/articles\/CBMi7wFBVV95cUxNREZ2UkxIa1hsbmVqQkRqZWZ3R1M5b0VreEpfajd1NXBVeWJSYkoza2R5M2loczJQbERNc1JYV3U1MlhjamlWaVo0Tll4cFpCeTJ4dVhuVzZFYlgzaFY0RDViU0hiY2tpUGJoaDZLaFNrNUtTMkxOM1Z4bHZ2dzdzc2lNcGhuNGE5MF8xbDJNNG9NbDJLWnRfS29IaDU3VEJCZkxFa0dLS080aS1rYzBCNDA1M29jdzVYMWktYVR5MXIyazE2TWRub29YUGhQN3dTWG5GdklMQkVfN095S1lKRlJHaXpGYjVyVkpRNnpsWQ?oc=5\" target=\"_blank\" rel=\"noopener\">Drame de Crans-Montana : l\u2019insoutenable attente des familles<\/a>&nbsp;&nbsp;Franceinfo<\/li>\n<\/ol>\n","protected":false},"excerpt":{"rendered":"LCI Direct du vendredi 2 janvier 2026&nbsp;&nbsp;TF1 Info Incendie en Suisse, \u00e0 Crans-Montana : le dernier bilan fait&hellip;\n","protected":false},"author":2,"featured_media":637516,"comment_status":"","ping_status":"","sticky":false,"template":"","format":"standard","meta":{"footnotes":""},"categories":[1356],"tags":[3085,58,74439,59,1011,27,37193,3067,252,1364,133,70474],"class_list":{"0":"post-637515","1":"post","2":"type-post","3":"status-publish","4":"format-standard","5":"has-post-thumbnail","7":"category-television","8":"tag-accidents","9":"tag-divertissement","10":"tag-drame-a-crans-montana-des-dizaines-de-morts-dans-lincendie-dun-bar-le-soir-du-nouvel-an","11":"tag-entertainment","12":"tag-fr","13":"tag-france","14":"tag-lci-direct","15":"tag-suisse","16":"tag-television","17":"tag-tv","18":"tag-video","19":"tag-video-replay-lci"},"share_on_mastodon":{"url":"https:\/\/pubeurope.com\/@fr\/115829071100308138","error":""},"_links":{"self":[{"href":"https:\/\/www.europesays.com\/fr\/wp-json\/wp\/v2\/posts\/637515","targetHints":{"allow":["GET"]}}],"collection":[{"href":"https:\/\/www.europesays.com\/fr\/wp-json\/wp\/v2\/posts"}],"about":[{"href":"https:\/\/www.europesays.com\/fr\/wp-json\/wp\/v2\/types\/post"}],"author":[{"embeddable":true,"href":"https:\/\/www.europesays.com\/fr\/wp-json\/wp\/v2\/users\/2"}],"replies":[{"embeddable":true,"href":"https:\/\/www.europesays.com\/fr\/wp-json\/wp\/v2\/comments?post=637515"}],"version-history":[{"count":0,"href":"https:\/\/www.europesays.com\/fr\/wp-json\/wp\/v2\/posts\/637515\/revisions"}],"wp:featuredmedia":[{"embeddable":true,"href":"https:\/\/www.europesays.com\/fr\/wp-json\/wp\/v2\/media\/637516"}],"wp:attachment":[{"href":"https:\/\/www.europesays.com\/fr\/wp-json\/wp\/v2\/media?parent=637515"}],"wp:term":[{"taxonomy":"category","embeddable":true,"href":"https:\/\/www.europesays.com\/fr\/wp-json\/wp\/v2\/categories?post=637515"},{"taxonomy":"post_tag","embeddable":true,"href":"https:\/\/www.europesays.com\/fr\/wp-json\/wp\/v2\/tags?post=637515"}],"curies":[{"name":"wp","href":"https:\/\/api.w.org\/{rel}","templated":true}]}}