{"id":637525,"date":"2026-01-03T03:40:16","date_gmt":"2026-01-03T03:40:16","guid":{"rendered":"https:\/\/www.europesays.com\/fr\/637525\/"},"modified":"2026-01-03T03:40:16","modified_gmt":"2026-01-03T03:40:16","slug":"les-touristes-ne-sont-vraiment-pas-prets-pour-ce-qui-les-attend-sur-les-plages-espagnoles-et-ca-va-sempirer","status":"publish","type":"post","link":"https:\/\/www.europesays.com\/fr\/637525\/","title":{"rendered":"Les touristes ne sont vraiment pas pr\u00eats pour ce qui les attend sur les plages espagnoles (et \u00e7a va s&#8217;empirer)"},"content":{"rendered":"<p style=\"text-align: left;\"><strong>La prolif\u00e9ration de certaines esp\u00e8ces de m\u00e9duses associ\u00e9e au r\u00e9chauffement climatique pourrait, \u00e0 l\u2019avenir, rendre les plages d\u2019Espagne impropres \u00e0 la baignade.<\/strong><\/p>\n<p>\u00c0 l\u2019avenir, il sera de plus en plus difficile de se baigner sur les plages d\u2019Espagne<\/p>\n<p>Si le littoral espagnol est majoritairement exploit\u00e9 pour son\u00a0tourisme c\u00f4tier, \u00e0 l\u2019avenir, les promoteurs immobiliers devront ralentir le rythme : les plages ib\u00e9riques, et notamment celles de la Costa Brava, pourraient bien s\u2019av\u00e9rer impropres \u00e0 la baignade dans quelques ann\u00e9es. En cause la prolif\u00e9ration de m\u00e9duses, intrins\u00e8quement li\u00e9e au r\u00e9chauffement climatique qui ne cesse de s\u2019acc\u00e9l\u00e9rer.<\/p>\n<p>Une prolif\u00e9ration de m\u00e9duses inqui\u00e9tante<\/p>\n<p style=\"text-align: left;\">L\u2019\u00e9t\u00e9 dernier, plus de 7000 baigneurs fr\u00e9quentant une plage espagnole auraient consult\u00e9 un m\u00e9decin pour une piq\u00fbre de m\u00e9duse, soit une augmentation de plus de 40% par rapport \u00e0 l\u2019ann\u00e9e pr\u00e9c\u00e9dente.<\/p>\n<p style=\"text-align: left;\">Si la plupart des cas concernaient des <a href=\"http:\/\/www.perseus-net.eu\/fr\/species_of_jellyfish\/index.html\" target=\"_blank\" rel=\"noopener\">esp\u00e8ces de m\u00e9duses inoffensives<\/a>, deux plages de Tarragone, en Catalogne, ont \u00e9t\u00e9 ferm\u00e9es en juillet suite \u00e0 la recrudescence de physalies (Physalia physalis). Bien qu\u2019il ne s\u2019agisse pas de m\u00e9duses \u00e0 proprement parler, ces organismes marins \u00e0 l\u2019apparence similaire peuvent infliger une piq\u00fbre tr\u00e8s douloureuse, voire mettre en danger les personnes pr\u00e9sentant un d\u00e9ficit immunitaire.<\/p>\n<p><img loading=\"lazy\" data-lazyloaded=\"1\" decoding=\"async\" class=\"wp-image-291325 size-full\" src=\"https:\/\/www.europesays.com\/fr\/wp-content\/uploads\/2026\/01\/meduses-nager-direction-sens-deplacement.jpg\" alt=\"m\u00e9duses sens direction eau mer d\u00e9placer plage Espagne\" width=\"1253\" height=\"837\"  data-\/>Source: DRCr\u00e9dits : Naotto1\/iStockLes effets du r\u00e9chauffement climatique<\/p>\n<p>Selon le d\u00e9partement de recherche de l\u2019Institut des sciences marines de Barcelone, la prolif\u00e9ration de m\u00e9duses sur les c\u00f4tes espagnoles s\u2019expliquerait par la hausse des temp\u00e9ratures de l\u2019eau, ph\u00e9nom\u00e8ne provoqu\u00e9 par le r\u00e9chauffement climatique :<\/p>\n<blockquote>\n<p style=\"text-align: center;\">Plus la mer est chaude, plus les m\u00e9duses ont la capacit\u00e9 de se reproduire, d\u2019o\u00f9 leur prolif\u00e9ration dans certaines zones, et notamment pr\u00e8s des c\u00f4tes.<\/p>\n<\/blockquote>\n<p>Mais le changement climatique n\u2019est pas le seul facteur de multiplication des m\u00e9duses : la p\u00eache intensive et la b\u00e9tonisation\u00a0des littoraux auraient aussi leur part de responsabilit\u00e9. Les c\u00f4tes espagnoles sont d\u2019ailleurs souvent consid\u00e9r\u00e9es comme les plus b\u00e9tonn\u00e9es d\u2019Europe, stations baln\u00e9aires qui ne favorisent pas les meilleures conditions environnementales.<\/p>\n<p>Tout en alt\u00e9rant la qualit\u00e9 de l\u2019eau, les activit\u00e9s humaines ach\u00e8vent de r\u00e9duire les <a href=\"https:\/\/sciencepost.fr\/meduses-consommation-manger-europe-asie-plat-restaurant-peche\/\" target=\"_blank\" rel=\"noopener\">pr\u00e9dateurs des m\u00e9duses<\/a>, capables de survivre dans les milieux les plus difficiles.<\/p>\n<p><img loading=\"lazy\" data-lazyloaded=\"1\" decoding=\"async\" class=\"wp-image-293678 size-full\" src=\"https:\/\/www.europesays.com\/fr\/wp-content\/uploads\/2026\/01\/plage-espagne-baignade-mer.jpg\" alt=\"plage b\u00e9ton Espagne baignade mer\" width=\"1254\" height=\"836\"  data-\/>Source: DRPlaya del Cura, station baln\u00e9aire de Torrevieja, Espagne \u2013 Cr\u00e9dits : Amoklv\/iStock<\/p>\n<p>Le mot de la r\u00e9daction<\/p>\n<p>Les cons\u00e9quences de la prolif\u00e9ration des m\u00e9duses pourraient \u00e9galement repr\u00e9senter un d\u00e9fi majeur pour l\u2019\u00e9conomie touristique espagnole. Alors que le tourisme baln\u00e9aire constitue une part importante des revenus du pays, la multiplication de ces organismes marins risque d\u2019entra\u00eener une baisse de fr\u00e9quentation sur certaines plages. Les autorit\u00e9s locales et les acteurs du secteur pourraient \u00eatre amen\u00e9s \u00e0 investir davantage dans des solutions pour contr\u00f4ler la pr\u00e9sence des m\u00e9duses, telles que l\u2019installation de filets anti-m\u00e9duses ou le d\u00e9veloppement de programmes de sensibilisation pour les vacanciers.<\/p>\n","protected":false},"excerpt":{"rendered":"La prolif\u00e9ration de certaines esp\u00e8ces de m\u00e9duses associ\u00e9e au r\u00e9chauffement climatique pourrait, \u00e0 l\u2019avenir, rendre les plages d\u2019Espagne&hellip;\n","protected":false},"author":2,"featured_media":637526,"comment_status":"","ping_status":"","sticky":false,"template":"","format":"standard","meta":{"footnotes":""},"categories":[7],"tags":[1011,27,43,40,41,39,42,44],"class_list":{"0":"post-637525","1":"post","2":"type-post","3":"status-publish","4":"format-standard","5":"has-post-thumbnail","7":"category-sciences-et-technologies","8":"tag-fr","9":"tag-france","10":"tag-science","11":"tag-science-and-technology","12":"tag-sciences","13":"tag-sciences-et-technologies","14":"tag-technologies","15":"tag-technology"},"share_on_mastodon":{"url":"https:\/\/pubeurope.com\/@fr\/115829095287442501","error":""},"_links":{"self":[{"href":"https:\/\/www.europesays.com\/fr\/wp-json\/wp\/v2\/posts\/637525","targetHints":{"allow":["GET"]}}],"collection":[{"href":"https:\/\/www.europesays.com\/fr\/wp-json\/wp\/v2\/posts"}],"about":[{"href":"https:\/\/www.europesays.com\/fr\/wp-json\/wp\/v2\/types\/post"}],"author":[{"embeddable":true,"href":"https:\/\/www.europesays.com\/fr\/wp-json\/wp\/v2\/users\/2"}],"replies":[{"embeddable":true,"href":"https:\/\/www.europesays.com\/fr\/wp-json\/wp\/v2\/comments?post=637525"}],"version-history":[{"count":0,"href":"https:\/\/www.europesays.com\/fr\/wp-json\/wp\/v2\/posts\/637525\/revisions"}],"wp:featuredmedia":[{"embeddable":true,"href":"https:\/\/www.europesays.com\/fr\/wp-json\/wp\/v2\/media\/637526"}],"wp:attachment":[{"href":"https:\/\/www.europesays.com\/fr\/wp-json\/wp\/v2\/media?parent=637525"}],"wp:term":[{"taxonomy":"category","embeddable":true,"href":"https:\/\/www.europesays.com\/fr\/wp-json\/wp\/v2\/categories?post=637525"},{"taxonomy":"post_tag","embeddable":true,"href":"https:\/\/www.europesays.com\/fr\/wp-json\/wp\/v2\/tags?post=637525"}],"curies":[{"name":"wp","href":"https:\/\/api.w.org\/{rel}","templated":true}]}}