{"id":637542,"date":"2026-01-03T04:00:31","date_gmt":"2026-01-03T04:00:31","guid":{"rendered":"https:\/\/www.europesays.com\/fr\/637542\/"},"modified":"2026-01-03T04:00:31","modified_gmt":"2026-01-03T04:00:31","slug":"isere-des-agriculteurs-bloquent-lacces-a-la51-au-col-du-fau","status":"publish","type":"post","link":"https:\/\/www.europesays.com\/fr\/637542\/","title":{"rendered":"Is\u00e8re : des agriculteurs bloquent l\u2019acc\u00e8s \u00e0 l\u2019A51 au col du Fau"},"content":{"rendered":"<p>02\/01\/2026 &#8211; 16:09<\/p>\n<p>\t\t\t\t\t\t\t\t&#13;<br \/>\n&#13;<br \/>\n&#13;<br \/>\n&#13;<br \/>\n&#13;<\/p>\n<p>Ce vendredi 2 janvier, une vingtaine d\u2019agriculteurs se sont rassembl\u00e9s sur la commune de Monestier-de-Clermont afin de bloquer l\u2019acc\u00e8s \u00e0 l\u2019autoroute A51, marquant ainsi leur opposition \u00e0 plusieurs d\u00e9cisions qu\u2019ils jugent pr\u00e9judiciables au monde agricole.<\/p>\n<p>Par cette action, les manifestants entendent d\u00e9noncer la signature du trait\u00e9 commercial entre l\u2019Union europ\u00e9enne et le Mercosur, qu\u2019ils estiment mena\u00e7ant pour l\u2019agriculture fran\u00e7aise. Ils s\u2019opposent \u00e9galement aux protocoles sanitaires imposant l\u2019abattage de l\u2019ensemble des troupeaux bovins en cas de d\u00e9tection de la dermatose nodulaire, ainsi qu\u2019\u00e0 la baisse annonc\u00e9e du budget de la Politique agricole commune.<\/p>\n<p>Ce mouvement n\u2019est pas une premi\u00e8re. Plusieurs dizaines d\u2019agriculteurs s\u2019\u00e9taient d\u00e9j\u00e0 mobilis\u00e9s au m\u00eame endroit, dans des conditions similaires et pour les m\u00eames revendications, entre le 21 et le 23 d\u00e9cembre derniers (photo).\u00a0<\/p>\n<p>Selon les autorit\u00e9s, si l\u2019acc\u00e8s \u00e0 l\u2019A51 est bloqu\u00e9 \u00e0 hauteur du col du Fau, la sortie de l\u2019autoroute pour les v\u00e9hicules arrivant de Grenoble reste toutefois ouverte. La circulation sur la route d\u00e9partementale D1075 n\u2019est, quant \u00e0 elle, pas impact\u00e9e.\u00a0D&rsquo;autres actions sont pr\u00e9vues en Is\u00e8re \u00e0 partir de la semaine prochaine.<\/p>\n","protected":false},"excerpt":{"rendered":"02\/01\/2026 &#8211; 16:09 &#13; &#13; &#13; &#13; &#13; Ce vendredi 2 janvier, une vingtaine d\u2019agriculteurs se sont rassembl\u00e9s&hellip;\n","protected":false},"author":2,"featured_media":637543,"comment_status":"","ping_status":"","sticky":false,"template":"","format":"standard","meta":{"footnotes":""},"categories":[9566],"tags":[1111,11,2430,1777,674,1011,27,2731,12,25],"class_list":{"0":"post-637542","1":"post","2":"type-post","3":"status-publish","4":"format-standard","5":"has-post-thumbnail","7":"category-grenoble","8":"tag-actu","9":"tag-actualites","10":"tag-auvergne-rhone-alpes","11":"tag-eu","12":"tag-europe","13":"tag-fr","14":"tag-france","15":"tag-grenoble","16":"tag-news","17":"tag-republique-francaise"},"share_on_mastodon":{"url":"https:\/\/pubeurope.com\/@fr\/115829173299455974","error":""},"_links":{"self":[{"href":"https:\/\/www.europesays.com\/fr\/wp-json\/wp\/v2\/posts\/637542","targetHints":{"allow":["GET"]}}],"collection":[{"href":"https:\/\/www.europesays.com\/fr\/wp-json\/wp\/v2\/posts"}],"about":[{"href":"https:\/\/www.europesays.com\/fr\/wp-json\/wp\/v2\/types\/post"}],"author":[{"embeddable":true,"href":"https:\/\/www.europesays.com\/fr\/wp-json\/wp\/v2\/users\/2"}],"replies":[{"embeddable":true,"href":"https:\/\/www.europesays.com\/fr\/wp-json\/wp\/v2\/comments?post=637542"}],"version-history":[{"count":0,"href":"https:\/\/www.europesays.com\/fr\/wp-json\/wp\/v2\/posts\/637542\/revisions"}],"wp:featuredmedia":[{"embeddable":true,"href":"https:\/\/www.europesays.com\/fr\/wp-json\/wp\/v2\/media\/637543"}],"wp:attachment":[{"href":"https:\/\/www.europesays.com\/fr\/wp-json\/wp\/v2\/media?parent=637542"}],"wp:term":[{"taxonomy":"category","embeddable":true,"href":"https:\/\/www.europesays.com\/fr\/wp-json\/wp\/v2\/categories?post=637542"},{"taxonomy":"post_tag","embeddable":true,"href":"https:\/\/www.europesays.com\/fr\/wp-json\/wp\/v2\/tags?post=637542"}],"curies":[{"name":"wp","href":"https:\/\/api.w.org\/{rel}","templated":true}]}}