{"id":637554,"date":"2026-01-03T04:14:28","date_gmt":"2026-01-03T04:14:28","guid":{"rendered":"https:\/\/www.europesays.com\/fr\/637554\/"},"modified":"2026-01-03T04:14:28","modified_gmt":"2026-01-03T04:14:28","slug":"union-bordeaux-begles-racing-92-sur-quelle-chaine-tv-et-a-quelle-heure-suivre-le-match-de-la-14e-journee-de-top-14","status":"publish","type":"post","link":"https:\/\/www.europesays.com\/fr\/637554\/","title":{"rendered":"Union Bordeaux-B\u00e8gles &#8211; Racing 92\u00a0: sur quelle cha\u00eene TV et \u00e0 quelle heure suivre le match de la 14e journ\u00e9e de Top 14"},"content":{"rendered":"<p>D\u00e9j\u00e0 battue par Pau \u00e0 domicile au d\u00e9but du mois de d\u00e9cembre, l\u2019UBB n\u2019a plus le droit \u00e0 l\u2019erreur \u00e0 domicile. Les Bordelais sortent d\u2019une nouvelle d\u00e9faite \u00e0 l\u2019ext\u00e9rieur \u00e0 Clermont et veulent faire le plein de points contre le Racing qui avait largement battu l\u2019\u00e9quipe de Yannick Bru lors de la 2e journ\u00e9e (44-32). Le match aura lieu ce samedi 3\u00a0d\u00e9cembre avec un coup d\u2019envoi pr\u00e9vu \u00e0 21\u00a0heures au stade Chaban-Delmas de Bordeaux.<\/p>\n<p>    Sur le m\u00eame sujet<\/p>\n<p>                        <a href=\"https:\/\/www.sudouest.fr\/sport\/rugby\/bordeaux-begles\/union-bordeaux-begles-ubb-jean-luc-du-preez-est-pret-pour-affronter-le-racing-92-27250002.php\" title=\"Union Bordeaux-B\u00e8gles (UBB)\u00a0: Jean-Luc Du Preez est pr\u00eat pour affronter le Racing 92\" target=\"_blank\" rel=\"noopener\"><br \/>\n                            <img decoding=\"async\" src=\"https:\/\/www.europesays.com\/fr\/wp-content\/uploads\/2026\/01\/1767413668_406_screenshot-20251230-195226-instagram.jpg\" alt=\"Union Bordeaux-B\u00e8gles (UBB)\u00a0: Jean-Luc Du Preez est pr\u00eat pour affronter le Racing 92\"\/><br \/>\n                        <\/a><\/p>\n<p>Sur quelle cha\u00eene\u00a0?<\/p>\n","protected":false},"excerpt":{"rendered":"D\u00e9j\u00e0 battue par Pau \u00e0 domicile au d\u00e9but du mois de d\u00e9cembre, l\u2019UBB n\u2019a plus le droit \u00e0&hellip;\n","protected":false},"author":2,"featured_media":637555,"comment_status":"","ping_status":"","sticky":false,"template":"","format":"standard","meta":{"footnotes":""},"categories":[2817],"tags":[1111,11,1997,1777,674,1011,27,12,2219,25],"class_list":{"0":"post-637554","1":"post","2":"type-post","3":"status-publish","4":"format-standard","5":"has-post-thumbnail","7":"category-bordeaux","8":"tag-actu","9":"tag-actualites","10":"tag-bordeaux","11":"tag-eu","12":"tag-europe","13":"tag-fr","14":"tag-france","15":"tag-news","16":"tag-nouvelle-aquitaine","17":"tag-republique-francaise"},"share_on_mastodon":{"url":"https:\/\/pubeurope.com\/@fr\/115829228562709271","error":""},"_links":{"self":[{"href":"https:\/\/www.europesays.com\/fr\/wp-json\/wp\/v2\/posts\/637554","targetHints":{"allow":["GET"]}}],"collection":[{"href":"https:\/\/www.europesays.com\/fr\/wp-json\/wp\/v2\/posts"}],"about":[{"href":"https:\/\/www.europesays.com\/fr\/wp-json\/wp\/v2\/types\/post"}],"author":[{"embeddable":true,"href":"https:\/\/www.europesays.com\/fr\/wp-json\/wp\/v2\/users\/2"}],"replies":[{"embeddable":true,"href":"https:\/\/www.europesays.com\/fr\/wp-json\/wp\/v2\/comments?post=637554"}],"version-history":[{"count":0,"href":"https:\/\/www.europesays.com\/fr\/wp-json\/wp\/v2\/posts\/637554\/revisions"}],"wp:featuredmedia":[{"embeddable":true,"href":"https:\/\/www.europesays.com\/fr\/wp-json\/wp\/v2\/media\/637555"}],"wp:attachment":[{"href":"https:\/\/www.europesays.com\/fr\/wp-json\/wp\/v2\/media?parent=637554"}],"wp:term":[{"taxonomy":"category","embeddable":true,"href":"https:\/\/www.europesays.com\/fr\/wp-json\/wp\/v2\/categories?post=637554"},{"taxonomy":"post_tag","embeddable":true,"href":"https:\/\/www.europesays.com\/fr\/wp-json\/wp\/v2\/tags?post=637554"}],"curies":[{"name":"wp","href":"https:\/\/api.w.org\/{rel}","templated":true}]}}